{"id":77970,"date":"2021-03-29T17:41:13","date_gmt":"2021-03-29T17:41:13","guid":{"rendered":"https:\/\/radiostargjilan.com\/web\/?p=77970"},"modified":"2021-03-29T17:41:13","modified_gmt":"2021-03-29T17:41:13","slug":"haziri-per-zgjidhjen-e-presidentit-do-te-jemi-konstruktiv-dhe-pozitiv","status":"publish","type":"post","link":"https:\/\/radiostargjilan.com\/web\/haziri-per-zgjidhjen-e-presidentit-do-te-jemi-konstruktiv-dhe-pozitiv\/","title":{"rendered":"Haziri p\u00ebr zgjidhjen e presidentit: Do t\u00eb jemi konstruktiv dhe pozitiv"},"content":{"rendered":"<p>N\u00ebnkryetari i Lidhjes Demokratike t\u00eb Kosov\u00ebs Lutfi Haziri, ka folur pas mbledhjes s\u00eb kryesis\u00eb s\u00eb k\u00ebsaj partie.<\/p>\n<p>Ai n\u00eb nj\u00eb prononcim p\u00ebr media ka th\u00ebn\u00eb se LDK-ja do t\u00eb jet\u00eb opozit\u00eb karshi qeverisjes s\u00eb Vet\u00ebvendosjes.<\/p>\n<p>Haziri p\u00ebr \u00e7\u00ebshtjen e zgjedhjes s\u00eb presidentit tha se kjo parti do t\u00eb tentoi t\u00eb evitoj\u00eb \u00e7do lloj obstruksioni institucional, \u00e7do lloj pengese n\u00eb nd\u00ebrtim dhe n\u00eb funksion t\u00eb stabilitetit.<\/p>\n<p>Numri dy i LDK-s\u00eb theksoi se disponimi i kryesis\u00eb \u00ebsht\u00eb q\u00eb t\u00eb q\u00ebndrohet brenda sall\u00ebs s\u00eb Kuvendit kur do t\u00eb votohet Vjosa Osmani p\u00ebr presidente.<\/p>\n<p>\u201cKryesia e LDK-s\u00eb n\u00eb mbledhjen e saj t\u00eb rregullt pas tre takimeve q\u00eb ka pasur t\u00eb ndryshme ka shterur t\u00eb gjitha debatin e brendsh\u00ebm lidhur me rolin ton\u00eb politik n\u00eb krijimin e institucioneve. Tashm\u00eb dihet se karshi qeverisjes s\u00eb Vet\u00ebvendosjes do t\u00eb jemi opozit\u00eb aktive, nd\u00ebrsa n\u00eb nd\u00ebrtimin e institucionit t\u00eb presidentit, LDK-ja do t\u00eb evitoj\u00eb \u00e7do lloj obstruksioni institucional, \u00e7do lloj pengese me rolin e saj pozitiv, n\u00eb nd\u00ebrtim dhe n\u00eb funksion t\u00eb stabilitetit\u201d.<\/p>\n<p>\u201cN\u00eb m\u00ebnyr\u00eb q\u00eb t\u00eb p\u00ebrmbyllet krijimi i institucioneve dhe m\u00eb pas t\u00eb vazhdohet me agjend\u00ebn politike dhe do t\u00eb jemi pjes\u00eb e angazhimeve opozitare.N\u00eb rrafshin tjet\u00ebr kryetari i LDK-s\u00eb nes\u00ebr do t\u00eb takohet me deputet\u00ebt, n\u00eb m\u00ebnyr\u00eb q\u00eb pjes\u00ebmarrja dhe p\u00ebrfaq\u00ebsimi n\u00eb at\u00eb seanc\u00eb t\u00eb jet\u00eb n\u00eb frym\u00ebn kushtetuese duke evituar \u00e7do lloj obstruktioni politik eventual\u201d.<\/p>\n<p>\u201cKryetari i LDK-s\u00eb nes\u00ebr do te takohet me grupin e deputetet do t\u00eb vazhdojn\u00eb diskutimet. Nuk varet nga ne roli jon\u00eb n\u00eb Kuvend \u00ebsht\u00eb pjes\u00ebmarrja ose mospjes\u00ebmarrja. Q\u00ebndrimi jon\u00eb do t\u00eb jet\u00eb n\u00eb baz\u00eb t\u00eb frym\u00ebs kushtetuese q\u00eb t\u00eb plot\u00ebsohet krijimi i institucioneve. P\u00ebr m\u00eb shum\u00eb nes\u00ebr shihemi n\u00eb angazhime t\u00eb tjera dhe besoj se shum\u00eb shpejt gjith\u00e7ka \u00ebsht\u00eb e qart\u00eb. Ne kemi shter nevoj\u00ebn dhe arsyen p\u00ebr tu takuar. Do t\u00eb vendoset q\u00eb t\u00eb mos ket\u00eb obstruksione institucional. Dhe t\u00eb krijohet frym\u00eb p\u00ebr progres n\u00eb vend\u201d.<\/p>\n","protected":false},"excerpt":{"rendered":"<p>N\u00ebnkryetari i Lidhjes Demokratike t\u00eb Kosov\u00ebs Lutfi Haziri, ka folur pas mbledhjes s\u00eb kryesis\u00eb s\u00eb k\u00ebsaj partie. Ai n\u00eb nj\u00eb prononcim p\u00ebr media ka th\u00ebn\u00eb se LDK-ja do t\u00eb jet\u00eb opozit\u00eb karshi qeverisjes s\u00eb Vet\u00ebvendosjes. Haziri p\u00ebr \u00e7\u00ebshtjen e zgjedhjes s\u00eb presidentit tha se kjo parti do t\u00eb tentoi t\u00eb evitoj\u00eb \u00e7do lloj obstruksioni institucional, [&hellip;]<\/p>\n","protected":false},"author":1,"featured_media":77162,"comment_status":"closed","ping_status":"closed","sticky":false,"template":"","format":"standard","meta":{"footnotes":""},"categories":[5],"tags":[],"class_list":{"0":"post-77970","1":"post","2":"type-post","3":"status-publish","4":"format-standard","5":"has-post-thumbnail","7":"category-lajme"},"_links":{"self":[{"href":"https:\/\/radiostargjilan.com\/web\/wp-json\/wp\/v2\/posts\/77970","targetHints":{"allow":["GET"]}}],"collection":[{"href":"https:\/\/radiostargjilan.com\/web\/wp-json\/wp\/v2\/posts"}],"about":[{"href":"https:\/\/radiostargjilan.com\/web\/wp-json\/wp\/v2\/types\/post"}],"author":[{"embeddable":true,"href":"https:\/\/radiostargjilan.com\/web\/wp-json\/wp\/v2\/users\/1"}],"replies":[{"embeddable":true,"href":"https:\/\/radiostargjilan.com\/web\/wp-json\/wp\/v2\/comments?post=77970"}],"version-history":[{"count":0,"href":"https:\/\/radiostargjilan.com\/web\/wp-json\/wp\/v2\/posts\/77970\/revisions"}],"wp:featuredmedia":[{"embeddable":true,"href":"https:\/\/radiostargjilan.com\/web\/wp-json\/wp\/v2\/media\/77162"}],"wp:attachment":[{"href":"https:\/\/radiostargjilan.com\/web\/wp-json\/wp\/v2\/media?parent=77970"}],"wp:term":[{"taxonomy":"category","embeddable":true,"href":"https:\/\/radiostargjilan.com\/web\/wp-json\/wp\/v2\/categories?post=77970"},{"taxonomy":"post_tag","embeddable":true,"href":"https:\/\/radiostargjilan.com\/web\/wp-json\/wp\/v2\/tags?post=77970"}],"curies":[{"name":"wp","href":"https:\/\/api.w.org\/{rel}","templated":true}]}}