{"id":78214,"date":"2021-03-31T14:45:14","date_gmt":"2021-03-31T14:45:14","guid":{"rendered":"https:\/\/radiostargjilan.com\/web\/?p=78214"},"modified":"2021-03-31T14:46:16","modified_gmt":"2021-03-31T14:46:16","slug":"mash-me-njoftim-java-e-ardhshme-pushim-per-nxenesit","status":"publish","type":"post","link":"https:\/\/radiostargjilan.com\/web\/mash-me-njoftim-java-e-ardhshme-pushim-per-nxenesit\/","title":{"rendered":"MASH me njoftim, java e ardhshme pushim p\u00ebr nx\u00ebn\u00ebsit"},"content":{"rendered":"<p>Ministrja e Arsimit dhe Shkenc\u00ebs, znj. Arb\u00ebrie Nagavci, ka n\u00ebnshkruar sot vendimin p\u00ebr ndryshimin e Kalendarit shkollor 2020\/2021 n\u00eb arsimin parauniversitar, sipas t\u00eb cilit pushimi pranveror do t\u00eb filloj\u00eb me dat\u00eb 6 prill 2021 dhe do t\u00eb p\u00ebrfundoj\u00eb m\u00eb dat\u00eb 8 prill 2021.<\/p>\n<p>Pra, sipas k\u00ebtij vendimi, m\u00ebsimi n\u00eb arsimin parauniversitar vazhdon nga data 12 prill 2021. <\/p>\n<p>Dit\u00ebt e humbura t\u00eb m\u00ebsimit n\u00eb periudh\u00ebn e par\u00eb dhe t\u00eb dyt\u00eb do t\u00eb z\u00ebvend\u00ebsohen me dit\u00eb m\u00ebsimi: 5 dit\u00eb m\u00ebsimi n\u00eb fund t\u00eb periudh\u00ebs s\u00eb tret\u00eb, nd\u00ebrsa 2 dit\u00eb m\u00ebsimi iu takon komunave t\u2019i z\u00ebvend\u00ebsojn\u00eb gjat\u00eb dit\u00ebve t\u00eb shtuna.<\/p>\n<p>Vendimi \u00ebsht\u00eb marr\u00eb me rekomandim t\u00eb IKShPK-s\u00eb dhe pas takimeve t\u00eb ministres Nagavci me t\u00eb gjith\u00eb akter\u00ebt e p\u00ebrfshir\u00eb n\u00eb arsim, ku \u00ebsht\u00eb arritur pajtueshm\u00ebri e plot\u00eb p\u00ebr pushimin pranveror dhe p\u00ebr z\u00ebvend\u00ebsimin e dit\u00ebve t\u00eb humbura t\u00eb m\u00ebsimit gjat\u00eb k\u00ebtij viti shkollor.<\/p>\n<p> <img loading=\"lazy\" loading=\"lazy\" decoding=\"async\" src=\"https:\/\/radiostargjilan.com\/web\/wp-content\/uploads\/2021\/03\/E6F903B8-1C41-4777-997F-9D1781B060D7.jpeg\" alt=\"\" width=\"724\" height=\"1440\" class=\"aligncenter size-full wp-image-78215\" srcset=\"https:\/\/radiostargjilan.com\/web\/wp-content\/uploads\/2021\/03\/E6F903B8-1C41-4777-997F-9D1781B060D7.jpeg 724w, https:\/\/radiostargjilan.com\/web\/wp-content\/uploads\/2021\/03\/E6F903B8-1C41-4777-997F-9D1781B060D7-151x300.jpeg 151w, https:\/\/radiostargjilan.com\/web\/wp-content\/uploads\/2021\/03\/E6F903B8-1C41-4777-997F-9D1781B060D7-515x1024.jpeg 515w, https:\/\/radiostargjilan.com\/web\/wp-content\/uploads\/2021\/03\/E6F903B8-1C41-4777-997F-9D1781B060D7-600x1193.jpeg 600w\" sizes=\"auto, (max-width: 724px) 100vw, 724px\" \/> <\/p>\n","protected":false},"excerpt":{"rendered":"<p>Ministrja e Arsimit dhe Shkenc\u00ebs, znj. Arb\u00ebrie Nagavci, ka n\u00ebnshkruar sot vendimin p\u00ebr ndryshimin e Kalendarit shkollor 2020\/2021 n\u00eb arsimin parauniversitar, sipas t\u00eb cilit pushimi pranveror do t\u00eb filloj\u00eb me dat\u00eb 6 prill 2021 dhe do t\u00eb p\u00ebrfundoj\u00eb m\u00eb dat\u00eb 8 prill 2021. Pra, sipas k\u00ebtij vendimi, m\u00ebsimi n\u00eb arsimin parauniversitar vazhdon nga data 12 [&hellip;]<\/p>\n","protected":false},"author":1,"featured_media":78216,"comment_status":"closed","ping_status":"closed","sticky":false,"template":"","format":"standard","meta":{"footnotes":""},"categories":[5],"tags":[],"class_list":{"0":"post-78214","1":"post","2":"type-post","3":"status-publish","4":"format-standard","5":"has-post-thumbnail","7":"category-lajme"},"_links":{"self":[{"href":"https:\/\/radiostargjilan.com\/web\/wp-json\/wp\/v2\/posts\/78214","targetHints":{"allow":["GET"]}}],"collection":[{"href":"https:\/\/radiostargjilan.com\/web\/wp-json\/wp\/v2\/posts"}],"about":[{"href":"https:\/\/radiostargjilan.com\/web\/wp-json\/wp\/v2\/types\/post"}],"author":[{"embeddable":true,"href":"https:\/\/radiostargjilan.com\/web\/wp-json\/wp\/v2\/users\/1"}],"replies":[{"embeddable":true,"href":"https:\/\/radiostargjilan.com\/web\/wp-json\/wp\/v2\/comments?post=78214"}],"version-history":[{"count":0,"href":"https:\/\/radiostargjilan.com\/web\/wp-json\/wp\/v2\/posts\/78214\/revisions"}],"wp:featuredmedia":[{"embeddable":true,"href":"https:\/\/radiostargjilan.com\/web\/wp-json\/wp\/v2\/media\/78216"}],"wp:attachment":[{"href":"https:\/\/radiostargjilan.com\/web\/wp-json\/wp\/v2\/media?parent=78214"}],"wp:term":[{"taxonomy":"category","embeddable":true,"href":"https:\/\/radiostargjilan.com\/web\/wp-json\/wp\/v2\/categories?post=78214"},{"taxonomy":"post_tag","embeddable":true,"href":"https:\/\/radiostargjilan.com\/web\/wp-json\/wp\/v2\/tags?post=78214"}],"curies":[{"name":"wp","href":"https:\/\/api.w.org\/{rel}","templated":true}]}}