{"id":78235,"date":"2021-03-31T16:40:21","date_gmt":"2021-03-31T16:40:21","guid":{"rendered":"https:\/\/radiostargjilan.com\/web\/?p=78235"},"modified":"2021-03-31T16:40:21","modified_gmt":"2021-03-31T16:40:21","slug":"ish-ministri-zemaj-njofton-se-i-ka-ardhur-konfirmimi-per-blerjen-e-vaksinave-nga-pfizer-biontech","status":"publish","type":"post","link":"https:\/\/radiostargjilan.com\/web\/ish-ministri-zemaj-njofton-se-i-ka-ardhur-konfirmimi-per-blerjen-e-vaksinave-nga-pfizer-biontech\/","title":{"rendered":"Ish-ministri Zemaj njofton se i ka ardhur konfirmimi p\u00ebr blerjen e vaksinave nga Pfizer-BioNTech"},"content":{"rendered":"<p>Ish-ministri i Sh\u00ebndet\u00ebsis\u00eb, Armend Zemaj ka th\u00ebn\u00eb se pas shum\u00eb negociatash, i ka ardhur konfirmimi p\u00ebr blerjen e vaksinave nga Pfizer-BioNTech.<\/p>\n<p>Ai ka publikuar edhe shkres\u00ebn q\u00eb i \u00ebsht\u00eb d\u00ebrguar, derisa ka th\u00ebn\u00eb se ka k\u00ebrkuar nga Nj\u00ebherit, k\u00ebrkova q\u00eb Qeveria aktuale, t\u00eb vazhdoj\u00eb n\u00eb m\u00ebnyr\u00eb sa m\u00eb efiakse, finalizimin e pjes\u00ebs s\u00eb marr\u00ebveshjes p\u00ebr blerje, e cila siguron vaksinim n\u00eb mas\u00eb t\u00eb qytetar\u00ebve t\u00eb Kosov\u00ebs n\u00eb luftimin e pandemis\u00eb globale Covid-19.<\/p>\n<p>Njoftimi i plot\u00eb:<\/p>\n<p>Edhe nj\u00eb lajm i g\u00ebzuesh\u00ebm p\u00ebr mua, dhe qytetar\u00ebt e Kosov\u00ebs, q\u00eb pas shum\u00eb negociatash dhe shk\u00ebmbim t\u00eb shkresave, vjen konfirmimi p\u00ebr  blerjen e  vaksinave nga Pfizer-BioNTech.<\/p>\n<p>Duke fal\u00ebnderuar t\u00eb gjith\u00eb bashk\u00ebpun\u00ebtor\u00ebt p\u00ebr angazhimin e sinqert, shpresoj se kjo do jet\u00eb arma m\u00eb e forte, n\u00eb luftimin p\u00ebrfundimtar t\u00eb pandemis\u00eb Covid-19.<\/p>\n<p>Nj\u00ebherit, k\u00ebrkova q\u00eb Qeveria aktuale, t\u00eb vazhdoj\u00eb n\u00eb m\u00ebnyr\u00eb sa m\u00eb efiakse, finalizimin e pjes\u00ebs s\u00eb marr\u00ebveshjes p\u00ebr blerje, e cila siguron vaksinim n\u00eb mas\u00eb t\u00eb qytetar\u00ebve t\u00eb Kosov\u00ebs n\u00eb luftimin e pandemis\u00eb globale Covid-19.<\/p>\n<p>P.S<\/p>\n<p>Shkresa d\u00ebrguar p\u00ebrfaq\u00ebsuesit t\u00eb Pfizer-BioNTech, z. Rocha, Qeveris\u00eb s\u00eb Kosov\u00ebs, Minstrit t\u00eb Sh\u00ebndet\u00ebsis\u00eb dhe ekipit teknik profesional n\u00eb MSh.<\/p>\n<p>Dear Mr. Rocha,<\/p>\n<p>Finally, the citizens of Kosovo and myself are very happy to hear such good ne\u00ebs, that after many negotiations and exchange of documents, the documentation for signing the vaccine purchase agreement from Pfizer\/BioNTech has been finalized .<\/p>\n<p>Let me inform you that from 22.03.2021 \u00ebe have a ne\u00eb Government in Kosovo \u00ebhich means that there is also a ne\u00eb Minister of Health \u2013 Mr. Arben Vitia (\u00ebho is CC-ed in this email).<\/p>\n<p>Given that the current Minister of Health is the authorized government official for vaccine procurement and negotiation on behalf of the Government of Kosovo, this responsibility should be transferred to the ne\u00eb government (Prime Minister or Minister of Health). That being said, \u00ebith the highest consideration, please send the same document to Minister Arben Vitia.<\/p>\n<p>At the same time, I also ask my successor to immediately contact you regarding the continuation of the contact for receiving the long-a\u00ebaited vaccines from us.<\/p>\n<p>Thanking you, your team and also my former negotiating team, I believe that very soon you \u00ebill finalize the part of the purchase agreement \u00ebhich provides mass vaccination of the citizens of Kosovo in the fight against the global Covid-19 pandemic.<\/p>\n<p>\u00cbith respect<\/p>\n<p>Armend Zemaj , Former Minister of Health .<\/p>\n<p>I nderuari zt. Rocha,<\/p>\n<p>M\u00eb n\u00eb fund, ky \u00ebsht\u00eb nj\u00eb lajm i g\u00ebzuesh\u00ebm p\u00ebr mua dhe qytetar\u00ebt e Kosov\u00ebs q\u00eb pas shum\u00eb negociatash dhe shk\u00ebmbim t\u00eb shkresave, n\u00eb fund ju mund t\u00eb d\u00ebrgoni dokumentacionin p\u00ebr n\u00ebnshkrim t\u00eb marr\u00ebveshjes s\u00eb blerjes s\u00eb vaksinave nga Pfizer\/BioNTech.<\/p>\n<p>M\u00eb lejoni t\u00eb ju informoj se nga data 22.03.2021 ne kemi Qeveri t\u00eb re t\u00eb Kosov\u00ebs, ku po ashtu ka edhe Minist\u00ebr t\u00eb ri t\u00eb Sh\u00ebndet\u00ebsis\u00eb q\u00eb \u00ebsht\u00eb z. Arben Vitia (q\u00eb \u00ebsht\u00eb cc n\u00eb k\u00ebt\u00eb e mail).<\/p>\n<p>Si i autorizuar n\u00eb em\u00ebr t\u00eb Qeverise s\u00eb Kosov\u00ebs p\u00ebr blerje dhe negocim tani kjo p\u00ebrgjegj\u00ebsi  kalon te Qeveria e re (Kryeministri apo Ministri i Sh\u00ebndet\u00ebsis\u00eb), andaj duke ju lutur me konsiderat\u00ebn m\u00eb t\u00eb lart\u00eb ju lutem t\u00eb nj\u00ebjtin dokument ta d\u00ebrgoni te Ministri z. Arben Vitia.<\/p>\n<p>Nj\u00ebher\u00ebsh k\u00ebrkoj po ashtu nga pasardh\u00ebsi im q\u00eb t\u00eb ju p\u00ebrcjell menj\u00ebher\u00eb vazhdimin e kontaktit p\u00ebr marrjen e vaksinave t\u00eb shum\u00ebpritura nga ana jon\u00eb.<\/p>\n<p>Duke ju fal\u00ebnderuar ju, ekipin tuaj po ashtu ish ekipin tim negociues besoj q\u00eb shum\u00eb shpejt do t\u00eb finalizoni pjes\u00ebn e marr\u00ebveshjes p\u00ebr blerje e cila siguron vaksinim n\u00eb mas\u00eb t\u00eb qytetar\u00ebve t\u00eb Kosov\u00ebs n\u00eb luftimin e pandemis\u00eb globale Covid-19.<\/p>\n<p>Me respekt,<\/p>\n<p>Armend Zemaj, ish Minist\u00ebr i Sh\u00ebndet\u00ebsis\u00eb t\u00eb Republik\u00ebs s\u00eb Kosov\u00ebs<br \/>\n<img loading=\"lazy\" loading=\"lazy\" decoding=\"async\" src=\"https:\/\/radiostargjilan.com\/web\/wp-content\/uploads\/2021\/03\/BB4676A3-6633-4A4F-9E1B-769D96F03F20.jpeg\" alt=\"\" width=\"645\" height=\"600\" class=\"aligncenter size-full wp-image-78236\" srcset=\"https:\/\/radiostargjilan.com\/web\/wp-content\/uploads\/2021\/03\/BB4676A3-6633-4A4F-9E1B-769D96F03F20.jpeg 645w, https:\/\/radiostargjilan.com\/web\/wp-content\/uploads\/2021\/03\/BB4676A3-6633-4A4F-9E1B-769D96F03F20-300x279.jpeg 300w, https:\/\/radiostargjilan.com\/web\/wp-content\/uploads\/2021\/03\/BB4676A3-6633-4A4F-9E1B-769D96F03F20-600x558.jpeg 600w\" sizes=\"auto, (max-width: 645px) 100vw, 645px\" \/><\/p>\n","protected":false},"excerpt":{"rendered":"<p>Ish-ministri i Sh\u00ebndet\u00ebsis\u00eb, Armend Zemaj ka th\u00ebn\u00eb se pas shum\u00eb negociatash, i ka ardhur konfirmimi p\u00ebr blerjen e vaksinave nga Pfizer-BioNTech. Ai ka publikuar edhe shkres\u00ebn q\u00eb i \u00ebsht\u00eb d\u00ebrguar, derisa ka th\u00ebn\u00eb se ka k\u00ebrkuar nga Nj\u00ebherit, k\u00ebrkova q\u00eb Qeveria aktuale, t\u00eb vazhdoj\u00eb n\u00eb m\u00ebnyr\u00eb sa m\u00eb efiakse, finalizimin e pjes\u00ebs s\u00eb marr\u00ebveshjes p\u00ebr [&hellip;]<\/p>\n","protected":false},"author":1,"featured_media":78237,"comment_status":"closed","ping_status":"closed","sticky":false,"template":"","format":"standard","meta":{"footnotes":""},"categories":[5],"tags":[],"class_list":{"0":"post-78235","1":"post","2":"type-post","3":"status-publish","4":"format-standard","5":"has-post-thumbnail","7":"category-lajme"},"_links":{"self":[{"href":"https:\/\/radiostargjilan.com\/web\/wp-json\/wp\/v2\/posts\/78235","targetHints":{"allow":["GET"]}}],"collection":[{"href":"https:\/\/radiostargjilan.com\/web\/wp-json\/wp\/v2\/posts"}],"about":[{"href":"https:\/\/radiostargjilan.com\/web\/wp-json\/wp\/v2\/types\/post"}],"author":[{"embeddable":true,"href":"https:\/\/radiostargjilan.com\/web\/wp-json\/wp\/v2\/users\/1"}],"replies":[{"embeddable":true,"href":"https:\/\/radiostargjilan.com\/web\/wp-json\/wp\/v2\/comments?post=78235"}],"version-history":[{"count":0,"href":"https:\/\/radiostargjilan.com\/web\/wp-json\/wp\/v2\/posts\/78235\/revisions"}],"wp:featuredmedia":[{"embeddable":true,"href":"https:\/\/radiostargjilan.com\/web\/wp-json\/wp\/v2\/media\/78237"}],"wp:attachment":[{"href":"https:\/\/radiostargjilan.com\/web\/wp-json\/wp\/v2\/media?parent=78235"}],"wp:term":[{"taxonomy":"category","embeddable":true,"href":"https:\/\/radiostargjilan.com\/web\/wp-json\/wp\/v2\/categories?post=78235"},{"taxonomy":"post_tag","embeddable":true,"href":"https:\/\/radiostargjilan.com\/web\/wp-json\/wp\/v2\/tags?post=78235"}],"curies":[{"name":"wp","href":"https:\/\/api.w.org\/{rel}","templated":true}]}}