{"id":78242,"date":"2021-03-31T17:48:25","date_gmt":"2021-03-31T17:48:25","guid":{"rendered":"https:\/\/radiostargjilan.com\/web\/?p=78242"},"modified":"2021-03-31T17:48:25","modified_gmt":"2021-03-31T17:48:25","slug":"mimoza-kusari-zyrtarisht-shefe-e-grupit-parlamentar-te-vetevendosjes","status":"publish","type":"post","link":"https:\/\/radiostargjilan.com\/web\/mimoza-kusari-zyrtarisht-shefe-e-grupit-parlamentar-te-vetevendosjes\/","title":{"rendered":"Mimoza Kusari, zyrtarisht shefe e Grupit Parlamentar t\u00eb Vet\u00ebvendosjes"},"content":{"rendered":"<p>N\u00eb mbledhjen e grupit parlamentar t\u00eb VV-s\u00eb, t\u00eb mbajtur sot, nga deputet\u00ebt e k\u00ebsaj partie, Mimoza Kusari u votua p\u00ebr ta ushtruar k\u00ebt\u00eb detyr\u00eb deri n\u00eb mbledhjen e K\u00ebshillit t\u00eb P\u00ebrgjithsh\u00ebm.<\/p>\n<p>&#8220;Nga 51 deputet\u00eb t\u00eb pranish\u00ebm, me 45 vota P\u00cbR, 2 vota KUND\u00cbR, 3 vota ABSTENTIM dhe 1 e zbraz\u00ebt, znj Kusari-Lila u votua p\u00ebr drejtimin e grupit parlamentar. Sipas Statutit t\u00eb L\u00ebvizjes VET\u00cbVENDOSJE!, Shefi i Grupit Parlamentar votohet nga an\u00ebtar\u00ebt e grupit parlamentar dhe zgjedhet nga K\u00ebshilli i P\u00ebrgjithsh\u00ebm. Mimoza Kusari-Lila \u00ebsht\u00eb deputetja q\u00eb sidomos n\u00eb legjislatur\u00ebn e fundit ka treguar p\u00ebrkushtim dhe p\u00ebrgjegj\u00ebsi t\u00eb lart\u00eb n\u00eb adresimin e \u00e7\u00ebshtjeve t\u00eb r\u00ebnd\u00ebsishme p\u00ebr ne dhe p\u00ebr vendin. Asaj i urojm\u00eb sukses n\u00eb detyr\u00ebn dhe p\u00ebrgjegj\u00ebsin e saj t\u00eb re&#8221;, thekson VV-ja n\u00eb njoftim. \/Ballkani.info\/<\/p>\n","protected":false},"excerpt":{"rendered":"<p>N\u00eb mbledhjen e grupit parlamentar t\u00eb VV-s\u00eb, t\u00eb mbajtur sot, nga deputet\u00ebt e k\u00ebsaj partie, Mimoza Kusari u votua p\u00ebr ta ushtruar k\u00ebt\u00eb detyr\u00eb deri n\u00eb mbledhjen e K\u00ebshillit t\u00eb P\u00ebrgjithsh\u00ebm. &#8220;Nga 51 deputet\u00eb t\u00eb pranish\u00ebm, me 45 vota P\u00cbR, 2 vota KUND\u00cbR, 3 vota ABSTENTIM dhe 1 e zbraz\u00ebt, znj Kusari-Lila u votua p\u00ebr [&hellip;]<\/p>\n","protected":false},"author":1,"featured_media":78243,"comment_status":"closed","ping_status":"closed","sticky":false,"template":"","format":"standard","meta":{"footnotes":""},"categories":[5],"tags":[],"class_list":{"0":"post-78242","1":"post","2":"type-post","3":"status-publish","4":"format-standard","5":"has-post-thumbnail","7":"category-lajme"},"_links":{"self":[{"href":"https:\/\/radiostargjilan.com\/web\/wp-json\/wp\/v2\/posts\/78242","targetHints":{"allow":["GET"]}}],"collection":[{"href":"https:\/\/radiostargjilan.com\/web\/wp-json\/wp\/v2\/posts"}],"about":[{"href":"https:\/\/radiostargjilan.com\/web\/wp-json\/wp\/v2\/types\/post"}],"author":[{"embeddable":true,"href":"https:\/\/radiostargjilan.com\/web\/wp-json\/wp\/v2\/users\/1"}],"replies":[{"embeddable":true,"href":"https:\/\/radiostargjilan.com\/web\/wp-json\/wp\/v2\/comments?post=78242"}],"version-history":[{"count":0,"href":"https:\/\/radiostargjilan.com\/web\/wp-json\/wp\/v2\/posts\/78242\/revisions"}],"wp:featuredmedia":[{"embeddable":true,"href":"https:\/\/radiostargjilan.com\/web\/wp-json\/wp\/v2\/media\/78243"}],"wp:attachment":[{"href":"https:\/\/radiostargjilan.com\/web\/wp-json\/wp\/v2\/media?parent=78242"}],"wp:term":[{"taxonomy":"category","embeddable":true,"href":"https:\/\/radiostargjilan.com\/web\/wp-json\/wp\/v2\/categories?post=78242"},{"taxonomy":"post_tag","embeddable":true,"href":"https:\/\/radiostargjilan.com\/web\/wp-json\/wp\/v2\/tags?post=78242"}],"curies":[{"name":"wp","href":"https:\/\/api.w.org\/{rel}","templated":true}]}}