{"id":78526,"date":"2021-04-03T12:23:31","date_gmt":"2021-04-03T12:23:31","guid":{"rendered":"https:\/\/radiostargjilan.com\/web\/?p=78526"},"modified":"2021-04-03T12:23:31","modified_gmt":"2021-04-03T12:23:31","slug":"arben-vitia-mbledh-gastronomet-a-po-diskutohen-masat-e-reja","status":"publish","type":"post","link":"https:\/\/radiostargjilan.com\/web\/arben-vitia-mbledh-gastronomet-a-po-diskutohen-masat-e-reja\/","title":{"rendered":"Arben Vitia mbledh gastronom\u00ebt, a po diskutohen masat e reja?"},"content":{"rendered":"<p>Ministri i Sh\u00ebndet\u00ebsis\u00eb, Arben Vitia, ka thirrur sot n\u00eb takim p\u00ebrfaq\u00ebsuesit e Shoqat\u00ebs s\u00eb Gastronom\u00ebve. Merret vesh se takimi tashm\u00eb ka nisur dhe se n\u00eb k\u00ebt\u00eb takim po diskutohet p\u00ebr masat e reja anti-covid. Nga Shoqata e Gastronom\u00ebve kan\u00eb th\u00ebn\u00eb se do t\u00eb deklarohen p\u00ebr media pas nj\u00eb ore. Ndryshe, gjat\u00eb jav\u00ebs s\u00eb fundit kemi pas dhjet\u00ebra vdekje ditore si pasoj\u00eb e Covid19.<\/p>\n","protected":false},"excerpt":{"rendered":"<p>Ministri i Sh\u00ebndet\u00ebsis\u00eb, Arben Vitia, ka thirrur sot n\u00eb takim p\u00ebrfaq\u00ebsuesit e Shoqat\u00ebs s\u00eb Gastronom\u00ebve. Merret vesh se takimi tashm\u00eb ka nisur dhe se n\u00eb k\u00ebt\u00eb takim po diskutohet p\u00ebr masat e reja anti-covid. Nga Shoqata e Gastronom\u00ebve kan\u00eb th\u00ebn\u00eb se do t\u00eb deklarohen p\u00ebr media pas nj\u00eb ore. Ndryshe, gjat\u00eb jav\u00ebs s\u00eb fundit kemi [&hellip;]<\/p>\n","protected":false},"author":1,"featured_media":78527,"comment_status":"closed","ping_status":"closed","sticky":false,"template":"","format":"standard","meta":{"footnotes":""},"categories":[5],"tags":[],"class_list":{"0":"post-78526","1":"post","2":"type-post","3":"status-publish","4":"format-standard","5":"has-post-thumbnail","7":"category-lajme"},"_links":{"self":[{"href":"https:\/\/radiostargjilan.com\/web\/wp-json\/wp\/v2\/posts\/78526","targetHints":{"allow":["GET"]}}],"collection":[{"href":"https:\/\/radiostargjilan.com\/web\/wp-json\/wp\/v2\/posts"}],"about":[{"href":"https:\/\/radiostargjilan.com\/web\/wp-json\/wp\/v2\/types\/post"}],"author":[{"embeddable":true,"href":"https:\/\/radiostargjilan.com\/web\/wp-json\/wp\/v2\/users\/1"}],"replies":[{"embeddable":true,"href":"https:\/\/radiostargjilan.com\/web\/wp-json\/wp\/v2\/comments?post=78526"}],"version-history":[{"count":0,"href":"https:\/\/radiostargjilan.com\/web\/wp-json\/wp\/v2\/posts\/78526\/revisions"}],"wp:featuredmedia":[{"embeddable":true,"href":"https:\/\/radiostargjilan.com\/web\/wp-json\/wp\/v2\/media\/78527"}],"wp:attachment":[{"href":"https:\/\/radiostargjilan.com\/web\/wp-json\/wp\/v2\/media?parent=78526"}],"wp:term":[{"taxonomy":"category","embeddable":true,"href":"https:\/\/radiostargjilan.com\/web\/wp-json\/wp\/v2\/categories?post=78526"},{"taxonomy":"post_tag","embeddable":true,"href":"https:\/\/radiostargjilan.com\/web\/wp-json\/wp\/v2\/tags?post=78526"}],"curies":[{"name":"wp","href":"https:\/\/api.w.org\/{rel}","templated":true}]}}