{"id":78946,"date":"2021-04-08T07:43:43","date_gmt":"2021-04-08T07:43:43","guid":{"rendered":"https:\/\/radiostargjilan.com\/web\/?p=78946"},"modified":"2021-04-08T07:43:43","modified_gmt":"2021-04-08T07:43:43","slug":"nje-e-treta-e-te-mbijetuarve-te-koronavirusit-perballen-me-crregullime-mendore","status":"publish","type":"post","link":"https:\/\/radiostargjilan.com\/web\/nje-e-treta-e-te-mbijetuarve-te-koronavirusit-perballen-me-crregullime-mendore\/","title":{"rendered":"Nj\u00eb e treta e t\u00eb mbijetuarve t\u00eb koronavirusit \u201cp\u00ebrballen me \u00e7rregullime mendore\u201d"},"content":{"rendered":"<p>N\u00eb nj\u00eb studim t\u00eb kryer me 230,000 pacient\u00eb, kryesisht amerikan\u00eb, ka dal\u00eb se nj\u00eb prej tre t\u00eb mbijetuarve t\u00eb koronavirusit jan\u00eb diagnostikuar me \u00e7rregullime t\u00eb trurit apo probleme tjera psikiatrike brenda gjasht\u00eb muajve q\u00eb kan\u00eb tejkaluar koronavirusin, \u00e7ka n\u00ebnkupton se pandemia mund t\u00eb \u00e7oj\u00eb drejt nj\u00eb vale t\u00eb problemeve mendore dhe neurologjike, kan\u00eb vler\u00ebsuar disa shkenc\u00ebtar\u00eb. Hulumtuesit, q\u00eb kan\u00eb kryer studimin, kan\u00eb th\u00ebn\u00eb se ende nuk \u00ebsht\u00eb e qart\u00eb sesi virusi \u00ebsht\u00eb i lidhur me \u00e7\u00ebshtjet psikiatrike sikurse ankthi dhe depresioni, mir\u00ebpo k\u00ebto kan\u00eb qen\u00eb diagnozat m\u00eb t\u00eb shpeshta n\u00eb mesin e 14 \u00e7rregullimeve q\u00eb kan\u00eb par\u00eb.Pacient\u00ebt q\u00eb kan\u00eb tejkaluar koronavirusin dhe jan\u00eb p\u00ebrballur me sulme, harres\u00eb dhe \u00e7rregullime tjera neurologjike, kan\u00eb qen\u00eb m\u00eb t\u00eb pakt\u00eb n\u00eb num\u00ebr, mir\u00ebpo shifra s\u00ebrish ka qen\u00eb e konsiderueshme, sidomos te ata q\u00eb kan\u00eb pasur simptoma t\u00eb r\u00ebnda t\u00eb s\u00ebmundjes COVID-19, q\u00eb shkakton koronavirusi. \u201cNdon\u00ebse rreziqet individuale p\u00ebr shumic\u00ebn e \u00e7rregullimeve jan\u00eb t\u00eb vogla, efekti n\u00eb nivel t\u00eb popullsis\u00eb mund t\u00eb jet\u00eb substancial\u201d, ka th\u00ebn\u00eb Paul Harrison, profesor i psikiatris\u00eb n\u00eb Universitetin e Oksfordit, q\u00eb ka bashk\u00ebudh\u00ebhequr studimin.Max Taquet, po ashtu psikiat\u00ebr n\u00eb Oksford, q\u00eb ka punuar me Harrisonin, ka theksuar se studimi nuk ka arritur t\u00eb analizoj\u00eb mekanizmat e p\u00ebrfshir\u00eb biologjik\u00eb dhe ata psikologjik\u00eb, mir\u00ebpo ka th\u00ebn\u00eb se duhet nisur k\u00ebrkime urgjente p\u00ebr t\u00eb identifikuar k\u00ebta faktor\u00eb \u201cme q\u00ebllim t\u00eb parandalimit apo trajtimit t\u00eb tyre\u201d.Ekspert\u00ebt sh\u00ebndet\u00ebsor\u00eb jan\u00eb tejet t\u00eb shqet\u00ebsuar nga t\u00eb dh\u00ebnat p\u00ebr rreziqe n\u00eb rritje nga \u00e7rregullimet mendore, n\u00eb mesin e t\u00eb mbijetuarve t\u00eb COVID-19.Nj\u00eb studim paraprak, nga t\u00eb nj\u00ebjtit hulumtues, ka gjetur vitin e kaluar se 20 p\u00ebr qind e t\u00eb mbijetuarve t\u00eb COVID-19 jan\u00eb diagnostikuar me \u00e7rregullime psikiatrike brenda tre muajve.Studimi i ri, i publikuar n\u00eb revist\u00ebn k\u00ebrkimore Lancet Psychiatry, ka analizuar gjendjet sh\u00ebndet\u00ebsore t\u00eb 236,379 pacient\u00ebve me COVID-19, kryesisht nga Shtetet e Bashkuara, prej nga \u00ebsht\u00eb kuptuar se 34 p\u00ebr qind e tyre kan\u00eb qen\u00eb t\u00eb diagnostikuar me s\u00ebmundje neurologjike apo mendore n\u00eb gjasht\u00eb muajt e par\u00eb.\u00c7rregullimet kan\u00eb qen\u00eb m\u00eb t\u00eb zakonshme te pacient\u00ebt me COVID-19, sesa te grupet q\u00eb jan\u00eb sh\u00ebruar nga gripi sezonal apo probleme tjera t\u00eb frym\u00ebmarrjes n\u00eb periudh\u00ebn e nj\u00ebjt\u00eb, kan\u00eb th\u00ebn\u00eb shkenc\u00ebtar\u00ebt, duke sugjeruar se COVID-19 ka pasur ndikim m\u00eb specifik.Ankthi me 17 p\u00ebr qind dhe \u00e7rregullimet n\u00eb disponim me 14 p\u00ebr qind, kan\u00eb qen\u00eb m\u00eb t\u00eb zakonshmet, dhe nuk kan\u00eb pasur shum\u00eb t\u00eb b\u00ebjn\u00eb me at\u00eb sesa t\u00eb r\u00ebnda kan\u00eb qen\u00eb simptomat e COVID-19.N\u00eb mesin e tyre q\u00eb jan\u00eb trajtuar n\u00eb departamentet e kujdesit intensiv me simptoma t\u00eb r\u00ebnda t\u00eb koronavirusit, 7 p\u00ebr qind kan\u00eb pasur sulme brenda gjasht\u00eb muajve pasi jan\u00eb sh\u00ebruar, dhe gati 2 p\u00ebr qind jan\u00eb diagnostikuar me probleme t\u00eb harres\u00ebs.\u201cKy \u00ebsht\u00eb hulumtim shum\u00eb i r\u00ebnd\u00ebsish\u00ebm. P\u00ebrtej t\u00eb gjitha dyshimeve t\u00eb arsyeshme e konfirmon se COVID-19 prek si trurin, ashtu edhe gjendjen mendore\u201d, ka th\u00ebn\u00eb Simon Wessey, udh\u00ebheq\u00ebs i psikiatris\u00eb n\u00eb Kolegjin King t\u00eb Londr\u00ebs.\u201cNdikimi q\u00eb ka COVID-19 n\u00eb sh\u00ebndetin mendor t\u00eb individ\u00ebve mund t\u00eb jet\u00eb i r\u00ebnd\u00eb\u201d, ka th\u00ebn\u00eb Lea Milligan, shefe ekzekutive n\u00eb shoqat\u00ebn k\u00ebrkimore MQ Mental Health.\u201cKjo gj\u00eb po kontribuon n\u00eb nivelet edhe ashtu n\u00eb rritje t\u00eb problemeve mendore dhe k\u00ebrkon studime tjera urgjente\u201d.<\/p>\n","protected":false},"excerpt":{"rendered":"<p>N\u00eb nj\u00eb studim t\u00eb kryer me 230,000 pacient\u00eb, kryesisht amerikan\u00eb, ka dal\u00eb se nj\u00eb prej tre t\u00eb mbijetuarve t\u00eb koronavirusit jan\u00eb diagnostikuar me \u00e7rregullime t\u00eb trurit apo probleme tjera psikiatrike brenda gjasht\u00eb muajve q\u00eb kan\u00eb tejkaluar koronavirusin, \u00e7ka n\u00ebnkupton se pandemia mund t\u00eb \u00e7oj\u00eb drejt nj\u00eb vale t\u00eb problemeve mendore dhe neurologjike, kan\u00eb vler\u00ebsuar disa [&hellip;]<\/p>\n","protected":false},"author":1,"featured_media":78947,"comment_status":"closed","ping_status":"closed","sticky":false,"template":"","format":"standard","meta":{"footnotes":""},"categories":[5],"tags":[],"class_list":{"0":"post-78946","1":"post","2":"type-post","3":"status-publish","4":"format-standard","5":"has-post-thumbnail","7":"category-lajme"},"_links":{"self":[{"href":"https:\/\/radiostargjilan.com\/web\/wp-json\/wp\/v2\/posts\/78946","targetHints":{"allow":["GET"]}}],"collection":[{"href":"https:\/\/radiostargjilan.com\/web\/wp-json\/wp\/v2\/posts"}],"about":[{"href":"https:\/\/radiostargjilan.com\/web\/wp-json\/wp\/v2\/types\/post"}],"author":[{"embeddable":true,"href":"https:\/\/radiostargjilan.com\/web\/wp-json\/wp\/v2\/users\/1"}],"replies":[{"embeddable":true,"href":"https:\/\/radiostargjilan.com\/web\/wp-json\/wp\/v2\/comments?post=78946"}],"version-history":[{"count":0,"href":"https:\/\/radiostargjilan.com\/web\/wp-json\/wp\/v2\/posts\/78946\/revisions"}],"wp:featuredmedia":[{"embeddable":true,"href":"https:\/\/radiostargjilan.com\/web\/wp-json\/wp\/v2\/media\/78947"}],"wp:attachment":[{"href":"https:\/\/radiostargjilan.com\/web\/wp-json\/wp\/v2\/media?parent=78946"}],"wp:term":[{"taxonomy":"category","embeddable":true,"href":"https:\/\/radiostargjilan.com\/web\/wp-json\/wp\/v2\/categories?post=78946"},{"taxonomy":"post_tag","embeddable":true,"href":"https:\/\/radiostargjilan.com\/web\/wp-json\/wp\/v2\/tags?post=78946"}],"curies":[{"name":"wp","href":"https:\/\/api.w.org\/{rel}","templated":true}]}}