{"id":78958,"date":"2021-04-08T08:37:23","date_gmt":"2021-04-08T08:37:23","guid":{"rendered":"https:\/\/radiostargjilan.com\/web\/?p=78958"},"modified":"2021-04-08T08:37:23","modified_gmt":"2021-04-08T08:37:23","slug":"gjilani-dhe-tirana-nenshkruajne-marreveshje-binjakezimi-per-shkollat-e-artit","status":"publish","type":"post","link":"https:\/\/radiostargjilan.com\/web\/gjilani-dhe-tirana-nenshkruajne-marreveshje-binjakezimi-per-shkollat-e-artit\/","title":{"rendered":"Gjilani dhe Tirana n\u00ebnshkruajn\u00eb marr\u00ebveshje binjak\u00ebzimi p\u00ebr shkollat e artit"},"content":{"rendered":"<p>Drejtori i Arsimit n\u00eb Gjilan, Nazim Gagica, n\u00eb 75 vjetorin e themelimit t\u00eb Liceut Artistik \u201cJordan Misja\u201dn\u00eb Tiran\u00eb, s\u00eb bashku me drejtorin e Liceut Artistik, Shk\u00eblqim Sirika, kan\u00eb n\u00ebnshkruar marr\u00ebveshjen e binjak\u00ebzimit mes shkollave t\u00eb arteve n\u00eb Gjilan dhe Liceut Artistik \u201cJordan Misja\u201d.<\/p>\n<p>Drejtori Gagica ka th\u00ebn\u00eb se q\u00ebllim i k\u00ebtij binjak\u00ebzimi \u00ebsht\u00eb hapja e bashk\u00ebpunimit mes Gjilanit dhe Tiran\u00ebs n\u00eb fush\u00ebn e artit dhe t\u00eb organizimit t\u00eb t\u00eb ardhmen t\u00eb kalendarit t\u00eb p\u00ebrbashk\u00ebt t\u00eb aktiviteteve n\u00eb aspektin profesional dhe akademik.<\/p>\n<p>\u201cShkolla e Muzik\u00ebs, shkolla e Artit Pamor \u201cAdem Kastrati\u201d Gjilan dhe Liceu Artistik n\u00ebTiran\u00eb s\u00eb shpejti pritet t\u00eb zhvillojn\u00eb  aktivitetet e para t\u00eb p\u00ebrbashk\u00ebta mes k\u00ebtyre institucioneve n\u00eb kuad\u00ebr t\u00eb k\u00ebsaj marr\u00ebveshje me q\u00ebllim t\u00eb njohjes me planprogramet dhe strategjit\u00eb n\u00eb rrafshin profesional dhe akademik. Besojm\u00eb fuqish\u00ebm q\u00eb me p\u00ebrvojat e Liceut nga Tirana do p\u00ebrfitojm\u00eb shum\u00eb q\u00eb gjat\u00eb t\u00eb ardhmes n\u00eb kuad\u00ebr t\u00eb planifikimeve tona t\u00eb nd\u00ebrtojm\u00eb plan t\u00eb qart\u00eb p\u00ebr t\u00eb ardhmen dhe orientimin profesional\u201d, ka th\u00ebn\u00eb Gagica.<\/p>\n<p>Ai ka fal\u00ebnderuar kryetarin e Komun\u00ebs Lutfi Haziri, q\u00eb n\u00eb vazhdim\u00ebsi ka dh\u00ebn\u00eb mb\u00ebshtetje p\u00ebr arsimin dhe nj\u00ebkoh\u00ebsisht investimet e shumta q\u00eb jan\u00eb b\u00ebr\u00eb n\u00eb krijimin e kushteve moderne p\u00ebr artin n\u00eb p\u00ebrgjith\u00ebsi n\u00eb Gjilan dhe prioritetet q\u00eb ai ka vendosur p\u00ebr ngritjen e cil\u00ebsis\u00eb n\u00eb shkollat e artit.<\/p>\n","protected":false},"excerpt":{"rendered":"<p>Drejtori i Arsimit n\u00eb Gjilan, Nazim Gagica, n\u00eb 75 vjetorin e themelimit t\u00eb Liceut Artistik \u201cJordan Misja\u201dn\u00eb Tiran\u00eb, s\u00eb bashku me drejtorin e Liceut Artistik, Shk\u00eblqim Sirika, kan\u00eb n\u00ebnshkruar marr\u00ebveshjen e binjak\u00ebzimit mes shkollave t\u00eb arteve n\u00eb Gjilan dhe Liceut Artistik \u201cJordan Misja\u201d. Drejtori Gagica ka th\u00ebn\u00eb se q\u00ebllim i k\u00ebtij binjak\u00ebzimi \u00ebsht\u00eb hapja e [&hellip;]<\/p>\n","protected":false},"author":1,"featured_media":78959,"comment_status":"closed","ping_status":"closed","sticky":false,"template":"","format":"standard","meta":{"footnotes":""},"categories":[5],"tags":[],"class_list":{"0":"post-78958","1":"post","2":"type-post","3":"status-publish","4":"format-standard","5":"has-post-thumbnail","7":"category-lajme"},"_links":{"self":[{"href":"https:\/\/radiostargjilan.com\/web\/wp-json\/wp\/v2\/posts\/78958","targetHints":{"allow":["GET"]}}],"collection":[{"href":"https:\/\/radiostargjilan.com\/web\/wp-json\/wp\/v2\/posts"}],"about":[{"href":"https:\/\/radiostargjilan.com\/web\/wp-json\/wp\/v2\/types\/post"}],"author":[{"embeddable":true,"href":"https:\/\/radiostargjilan.com\/web\/wp-json\/wp\/v2\/users\/1"}],"replies":[{"embeddable":true,"href":"https:\/\/radiostargjilan.com\/web\/wp-json\/wp\/v2\/comments?post=78958"}],"version-history":[{"count":0,"href":"https:\/\/radiostargjilan.com\/web\/wp-json\/wp\/v2\/posts\/78958\/revisions"}],"wp:featuredmedia":[{"embeddable":true,"href":"https:\/\/radiostargjilan.com\/web\/wp-json\/wp\/v2\/media\/78959"}],"wp:attachment":[{"href":"https:\/\/radiostargjilan.com\/web\/wp-json\/wp\/v2\/media?parent=78958"}],"wp:term":[{"taxonomy":"category","embeddable":true,"href":"https:\/\/radiostargjilan.com\/web\/wp-json\/wp\/v2\/categories?post=78958"},{"taxonomy":"post_tag","embeddable":true,"href":"https:\/\/radiostargjilan.com\/web\/wp-json\/wp\/v2\/tags?post=78958"}],"curies":[{"name":"wp","href":"https:\/\/api.w.org\/{rel}","templated":true}]}}