{"id":79062,"date":"2021-04-09T14:23:50","date_gmt":"2021-04-09T14:23:50","guid":{"rendered":"https:\/\/radiostargjilan.com\/web\/?p=79062"},"modified":"2021-04-09T14:23:50","modified_gmt":"2021-04-09T14:23:50","slug":"agimi-dhe-kosharja-jane-nje-emer-qe-do-te-jetojne-perjetesisht-me-lirine-tone","status":"publish","type":"post","link":"https:\/\/radiostargjilan.com\/web\/agimi-dhe-kosharja-jane-nje-emer-qe-do-te-jetojne-perjetesisht-me-lirine-tone\/","title":{"rendered":"Agimi dhe Kosharja jan\u00eb nj\u00eb em\u00ebr q\u00eb do t\u00eb jetojn\u00eb p\u00ebrjet\u00ebsisht me lirin\u00eb ton\u00eb"},"content":{"rendered":"<p>9 prillin, dit\u00ebn e betej\u00ebs m\u00eb t\u00eb madhe t\u00eb luft\u00ebs son\u00eb \u00e7lirimtare, e ka rikujtuar sot edhe kryesuesja e Kuvendit Komunal n\u00eb Gjilan, Shpresa Kurteshi Emini.<\/p>\n<p>\u2018Agimi dhe Kosharja jan\u00eb nj\u00eb em\u00ebr dhe nj\u00eb vep\u00ebr q\u00eb do t\u00eb jetojn\u00eb p\u00ebrjet\u00ebsisht me lirin\u00eb ton\u00eb\u2019, ka th\u00ebn\u00eb Kurteshi-Emini.<\/p>\n<p>Jo vet\u00ebm sot, Agimin dhe vepr\u00ebn e tij e kujtojm\u00eb \u00e7do dit\u00eb. Ai fali gjakun e tij p\u00ebr t`u b\u00ebr\u00eb drit\u00eb p\u00ebr vendin ton\u00eb.<\/p>\n<p>Agimi ia shkroi historin\u00eb e bardh\u00eb Kosov\u00ebs, sigurisht bashk\u00eb me shok\u00ebt e tij!<br \/>\nAgimi dhe Kosharja jan\u00eb nj\u00eb em\u00ebr dhe nj\u00eb vep\u00ebr q\u00eb do t\u00eb jetoj\u00eb p\u00ebrjet\u00ebsisht mes nesh!<br \/>\nPusho i qet\u00eb hero, faleminderit q\u00eb i dhe krah\u00eb liris\u00eb!<\/p>\n<p>#BetejaeKoshares #KrenariKomb\u00ebtare#, ka th\u00ebn\u00eb Kurteshi-Emini.<\/p>\n","protected":false},"excerpt":{"rendered":"<p>9 prillin, dit\u00ebn e betej\u00ebs m\u00eb t\u00eb madhe t\u00eb luft\u00ebs son\u00eb \u00e7lirimtare, e ka rikujtuar sot edhe kryesuesja e Kuvendit Komunal n\u00eb Gjilan, Shpresa Kurteshi Emini. \u2018Agimi dhe Kosharja jan\u00eb nj\u00eb em\u00ebr dhe nj\u00eb vep\u00ebr q\u00eb do t\u00eb jetojn\u00eb p\u00ebrjet\u00ebsisht me lirin\u00eb ton\u00eb\u2019, ka th\u00ebn\u00eb Kurteshi-Emini. Jo vet\u00ebm sot, Agimin dhe vepr\u00ebn e tij e [&hellip;]<\/p>\n","protected":false},"author":1,"featured_media":79063,"comment_status":"closed","ping_status":"closed","sticky":false,"template":"","format":"standard","meta":{"footnotes":""},"categories":[5],"tags":[],"class_list":{"0":"post-79062","1":"post","2":"type-post","3":"status-publish","4":"format-standard","5":"has-post-thumbnail","7":"category-lajme"},"_links":{"self":[{"href":"https:\/\/radiostargjilan.com\/web\/wp-json\/wp\/v2\/posts\/79062","targetHints":{"allow":["GET"]}}],"collection":[{"href":"https:\/\/radiostargjilan.com\/web\/wp-json\/wp\/v2\/posts"}],"about":[{"href":"https:\/\/radiostargjilan.com\/web\/wp-json\/wp\/v2\/types\/post"}],"author":[{"embeddable":true,"href":"https:\/\/radiostargjilan.com\/web\/wp-json\/wp\/v2\/users\/1"}],"replies":[{"embeddable":true,"href":"https:\/\/radiostargjilan.com\/web\/wp-json\/wp\/v2\/comments?post=79062"}],"version-history":[{"count":0,"href":"https:\/\/radiostargjilan.com\/web\/wp-json\/wp\/v2\/posts\/79062\/revisions"}],"wp:featuredmedia":[{"embeddable":true,"href":"https:\/\/radiostargjilan.com\/web\/wp-json\/wp\/v2\/media\/79063"}],"wp:attachment":[{"href":"https:\/\/radiostargjilan.com\/web\/wp-json\/wp\/v2\/media?parent=79062"}],"wp:term":[{"taxonomy":"category","embeddable":true,"href":"https:\/\/radiostargjilan.com\/web\/wp-json\/wp\/v2\/categories?post=79062"},{"taxonomy":"post_tag","embeddable":true,"href":"https:\/\/radiostargjilan.com\/web\/wp-json\/wp\/v2\/tags?post=79062"}],"curies":[{"name":"wp","href":"https:\/\/api.w.org\/{rel}","templated":true}]}}