{"id":79191,"date":"2021-04-11T10:52:43","date_gmt":"2021-04-11T10:52:43","guid":{"rendered":"https:\/\/radiostargjilan.com\/web\/?p=79191"},"modified":"2021-04-11T10:52:43","modified_gmt":"2021-04-11T10:52:43","slug":"biku-njofton-per-fillimin-e-ramazanit-me-13-prill","status":"publish","type":"post","link":"https:\/\/radiostargjilan.com\/web\/biku-njofton-per-fillimin-e-ramazanit-me-13-prill\/","title":{"rendered":"BIK\u2019u njofton p\u00ebr fillimin e Ramazanit m\u00eb 13 prill"},"content":{"rendered":"<p>Kryesia e Bashk\u00ebsis\u00eb Islame t\u00eb Kosov\u00ebs njofton besimtar\u00ebt mysliman\u00eb dhe t\u00eb gjith\u00eb opinionin e gjer\u00eb se Muaji i Madh\u00ebruar Ramazan fillon dit\u00ebn e mart\u00eb m\u00eb 13 prill 2021.<\/p>\n<p>Nga BIK kan\u00eb uruar besimtar\u00ebt mysliman\u00eb me rastin e fillimit t\u00eb muajit t\u00eb Ramazanit.<\/p>\n<p>\u201cMe rastin e fillimit t\u00eb Muajit t\u00eb Madh\u00ebruar t\u00eb Ramazanit, Kryesia e BI-s\u00eb, p\u00ebrg\u00ebzon besimtar\u00ebt mysliman\u00eb n\u00eb Kosov\u00eb, diaspor\u00eb e trojet tona, duke u d\u00ebshiruar agj\u00ebrim t\u00eb leht\u00eb, shtim t\u00eb ibadetit dhe solidaritet me nevojtar\u00ebt. Me fat Muaji i Madh\u00ebruar i Ramazanit, agj\u00ebrim t\u00eb leht\u00eb dhe t\u00eb pranuar\u201d, thuhet n\u00eb njoftimin e BIK.<\/p>\n","protected":false},"excerpt":{"rendered":"<p>Kryesia e Bashk\u00ebsis\u00eb Islame t\u00eb Kosov\u00ebs njofton besimtar\u00ebt mysliman\u00eb dhe t\u00eb gjith\u00eb opinionin e gjer\u00eb se Muaji i Madh\u00ebruar Ramazan fillon dit\u00ebn e mart\u00eb m\u00eb 13 prill 2021. Nga BIK kan\u00eb uruar besimtar\u00ebt mysliman\u00eb me rastin e fillimit t\u00eb muajit t\u00eb Ramazanit. \u201cMe rastin e fillimit t\u00eb Muajit t\u00eb Madh\u00ebruar t\u00eb Ramazanit, Kryesia e BI-s\u00eb, [&hellip;]<\/p>\n","protected":false},"author":1,"featured_media":79192,"comment_status":"closed","ping_status":"closed","sticky":false,"template":"","format":"standard","meta":{"footnotes":""},"categories":[5],"tags":[],"class_list":{"0":"post-79191","1":"post","2":"type-post","3":"status-publish","4":"format-standard","5":"has-post-thumbnail","7":"category-lajme"},"_links":{"self":[{"href":"https:\/\/radiostargjilan.com\/web\/wp-json\/wp\/v2\/posts\/79191","targetHints":{"allow":["GET"]}}],"collection":[{"href":"https:\/\/radiostargjilan.com\/web\/wp-json\/wp\/v2\/posts"}],"about":[{"href":"https:\/\/radiostargjilan.com\/web\/wp-json\/wp\/v2\/types\/post"}],"author":[{"embeddable":true,"href":"https:\/\/radiostargjilan.com\/web\/wp-json\/wp\/v2\/users\/1"}],"replies":[{"embeddable":true,"href":"https:\/\/radiostargjilan.com\/web\/wp-json\/wp\/v2\/comments?post=79191"}],"version-history":[{"count":0,"href":"https:\/\/radiostargjilan.com\/web\/wp-json\/wp\/v2\/posts\/79191\/revisions"}],"wp:featuredmedia":[{"embeddable":true,"href":"https:\/\/radiostargjilan.com\/web\/wp-json\/wp\/v2\/media\/79192"}],"wp:attachment":[{"href":"https:\/\/radiostargjilan.com\/web\/wp-json\/wp\/v2\/media?parent=79191"}],"wp:term":[{"taxonomy":"category","embeddable":true,"href":"https:\/\/radiostargjilan.com\/web\/wp-json\/wp\/v2\/categories?post=79191"},{"taxonomy":"post_tag","embeddable":true,"href":"https:\/\/radiostargjilan.com\/web\/wp-json\/wp\/v2\/tags?post=79191"}],"curies":[{"name":"wp","href":"https:\/\/api.w.org\/{rel}","templated":true}]}}