{"id":79210,"date":"2021-04-11T13:48:34","date_gmt":"2021-04-11T13:48:34","guid":{"rendered":"https:\/\/radiostargjilan.com\/web\/?p=79210"},"modified":"2021-04-11T13:48:34","modified_gmt":"2021-04-11T13:48:34","slug":"keqmenaxhimi-i-pandemise-banka-boterore-kosova-po-e-peson-me-se-keqi-ne-rajon","status":"publish","type":"post","link":"https:\/\/radiostargjilan.com\/web\/keqmenaxhimi-i-pandemise-banka-boterore-kosova-po-e-peson-me-se-keqi-ne-rajon\/","title":{"rendered":"Keqmenaxhimi i pandemis\u00eb, Banka Bot\u00ebrore: Kosova po e p\u00ebson m\u00eb s\u00eb keqi n\u00eb rajon"},"content":{"rendered":"<p>Pandemia e koronavirusit ka l\u00ebkundur ekonomit\u00eb an\u00eb e mban\u00eb bot\u00ebs dhe padyshim q\u00eb ndikim ka pasur edhe n\u00eb Kosov\u00eb, pasi gjat\u00eb vitit 2020 ka pasur r\u00ebnie t\u00eb Bruto Produktit Vendor (BPV) p\u00ebr minus 6 p\u00ebr qind.<\/p>\n<p>Sipas t\u00eb dh\u00ebnave t\u00eb Bank\u00ebs Bot\u00ebrore dhe Fondit Monetar Nd\u00ebrkomb\u00ebtar, kjo r\u00ebnie gjat\u00eb vitit 2020 e b\u00ebn\u00eb Kosov\u00ebn me r\u00ebnien m\u00eb t\u00eb madhe n\u00eb rajon, pas Malit t\u00eb Zi q\u00eb sh\u00ebnoi r\u00ebnie minus 15.2 p\u00ebr qind.<\/p>\n<p>Shqip\u00ebria ka pasur nj\u00eb r\u00ebnie prej minus 3.5 p\u00ebr qind.<\/p>\n<p>R\u00ebnia e Bruto Produktit Vendor n\u00eb Kosov\u00eb, sipas Driart Elshanit, ekspert i t\u00eb dh\u00ebnave, ka ndodhur p\u00ebr shkak t\u00eb keqmenaxhimit t\u00eb kriz\u00ebs s\u00eb shkaktuar nga COVID-19 gjat\u00eb vitit 2020.<\/p>\n<p>Ai p\u00ebrmend arsyet kryesore q\u00eb kan\u00eb \u00e7uar n\u00eb r\u00ebnien e rritjes ekonomike n\u00eb Kosov\u00eb.<\/p>\n<p>\u201cMungesa e nj\u00eb strategjie t\u00eb qart\u00eb kund\u00ebr COVID-19, rr\u00ebzimi i nj\u00eb qeverie n\u00eb start t\u00eb pandemis\u00eb, dizajnimi i politikave t\u00eb pap\u00ebrshtatura p\u00ebr rrethanat e Kosov\u00ebs dhe p\u00ebr struktur\u00ebn ekonomike q\u00eb e ka Kosova. Vonesa e aprovimit t\u00eb ligjeve, p\u00ebr shembull, Ligji p\u00ebr rim\u00ebk\u00ebmbje ekonomike \u00ebsht\u00eb aprovuar tek n\u00eb fund t\u00eb vitit 2020\u201d, thot\u00eb Elshani.<\/p>\n<p>Ai thot\u00eb p\u00ebr Radion Evropa e Lir\u00eb se n\u00eb Kosov\u00eb kan\u00eb munguar qendrat komunikuese p\u00ebr krizat, ku qytetar\u00ebt do t\u00eb mund t\u00eb paraqitnin problemet apo t\u00eb merrnin ndihm\u00eb. Po ashtu Elshani thot\u00eb se ka munguar mbledhja dhe menaxhimi i t\u00eb dh\u00ebnave n\u00eb m\u00ebnyr\u00eb digjitale, q\u00eb politikat t\u00eb bazohen n\u00eb t\u00eb dh\u00ebna dhe jo t\u00eb ket\u00eb politika ad-hoc.<\/p>\n<p>Ndihmat q\u00eb qeveria e kaluar ka dh\u00ebn\u00eb, sipas Elshanit, nuk kan\u00eb qen\u00eb t\u00eb drejtuara direkt te qytetar\u00ebt dhe shp\u00ebrndarja nuk ka qen\u00eb e duhura.<\/p>\n<p>\u201cRrjedhimisht nj\u00eb r\u00ebnie minus 6 p\u00ebr qind e BPV-s\u00eb s\u00eb Kosov\u00ebs, ka pasoja shum\u00eb t\u00eb m\u00ebdha, qoft\u00eb p\u00ebr rritjen e papun\u00ebsis\u00eb, qoft\u00eb p\u00ebr varf\u00ebrimin e m\u00ebtejsh\u00ebm t\u00eb popullsis\u00eb n\u00eb Kosov\u00eb. Qeveria e re ka th\u00ebn\u00eb se do t\u2019i mb\u00ebshtet pun\u00ebtor\u00ebt dhe po ashtu edhe bizneset dhe kjo \u00ebsht\u00eb shum\u00eb inkurajuese, sepse \u00ebsht\u00eb shum\u00eb me r\u00ebnd\u00ebsi q\u00eb pun\u00ebtor\u00ebt dhe qytetar\u00ebt t\u00eb mb\u00ebshteten drejtp\u00ebrdrejt\u201d,thot\u00eb Elshani.<\/p>\n<p>Viti 2021, shpres\u00eb p\u00ebr rritje ekonomikeVisar Vokrri, drejtor programor n\u00eb Institutin Riinvest thot\u00eb p\u00ebr Radion Evropa e Lir\u00eb se r\u00ebnia ekonomike ka ndikuar n\u00eb biznese, n\u00eb ekonomit\u00eb familjare, n\u00eb varf\u00ebri dhe n\u00eb pun\u00ebsim.<\/p>\n<p>Arsye sipas Vokrrit p\u00ebr nj\u00eb r\u00ebnie t\u00eb till\u00eb, ka qen\u00eb kriza e pandemis\u00eb s\u00eb koronavirusit q\u00eb filloi si kriz\u00eb sh\u00ebndet\u00ebsore por u shnd\u00ebrrua edhe n\u00eb kriz\u00eb ekonomike.<\/p>\n<p>\u201cN\u00eb Kosov\u00eb, shkaqet kryesore ose burimet kryesore t\u00eb k\u00ebsaj tkurrje ekonomike, mund t\u00eb them q\u00eb kan\u00eb qen\u00eb r\u00ebnia e investimeve dhe turizmi q\u00eb buron nga diaspora\u201d,thot\u00eb Vokrri.Mir\u00ebpo, ai thot\u00eb po ashtu se gjat\u00eb k\u00ebtij viti, pritet t\u00eb ket\u00eb rritje ekonomike n\u00eb Kosov\u00eb.<\/p>\n<p>\u201cK\u00ebto parashikime jan\u00eb t\u00eb bazuara mbi supozimin q\u00eb do t\u00eb ket\u00eb relaksim t\u00eb masave dhe nuk do t\u00eb ket\u00eb masa t\u00eb tjera restriktive q\u00eb do t\u00eb pengojn\u00eb l\u00ebvizjen e mallrave dhe bizneseve prej Kosov\u00ebs n\u00eb Evrop\u00eb dhe anasjelltas. <\/p>\n<p>Shpresojm\u00eb q\u00eb qeveria e re t\u00eb jet\u00eb m\u00eb vigjilente dhe t\u00eb nd\u00ebrmarr\u00eb masa proporcionale me d\u00ebmin q\u00eb \u00ebsht\u00eb shkaktuar nga pandemia\u201d,thot\u00eb Vokrri.<\/p>\n<p>Ai thot\u00eb se bizneset duhet t\u00eb vazhdojn\u00eb t\u00eb mb\u00ebshteten, mir\u00ebpo primare duhet t\u00eb jet\u00eb nj\u00eb plan i vaksinimit t\u00eb popullsis\u00eb, n\u00eb m\u00ebnyr\u00eb q\u00eb sa m\u00eb shpejt t\u00eb b\u00ebhet lirimi i masave dhe t\u00eb kthehet normaliteti.Mb\u00ebshtetja p\u00ebr mbylljen e prillitGjat\u00eb jav\u00ebs, ministri i Financave, Pun\u00ebs dhe Transfereve, Hekuran Murati pati nj\u00eb takim me p\u00ebrfaq\u00ebsues t\u00eb bizneseve. <\/p>\n<p>Aty u dakorduan q\u00eb t\u00eb subvencionohen 50 p\u00ebr qind e pagave p\u00ebr muajin prill dhe t\u00eb subvencionohen 50 p\u00ebr qind t\u00eb shpenzimeve t\u00eb qiras\u00eb p\u00ebr k\u00ebt\u00eb muaj.<\/p>\n<p>Mjetet p\u00ebr bizneset q\u00eb ndikohen nga mbyllja dyjavore, pritet t\u00eb ndahen n\u00eb fund t\u00eb muajit prill ose n\u00eb fillim t\u00eb muajit maj. <\/p>\n<p>Masat e reja kund\u00ebr COVID-19 hyn\u00eb n\u00eb fuqi t\u00eb m\u00ebrkur\u00ebn m\u00eb 7 prill dhe do t\u00eb jen\u00eb n\u00eb fuqi deri m\u00eb 18 prill.<\/p>\n<p>K\u00ebto masa ndalojn\u00eb qarkullimin e qytetar\u00ebve nga ora 22:00 deri n\u00eb 05:00, p\u00ebrve\u00e7 n\u00eb raste urgjente. <\/p>\n<p>Sh\u00ebrbimet e gastronomis\u00eb obligohen t\u00eb pezullojn\u00eb aktivitetin e tyre nga data 7 prill deri me dat\u00eb 18 prill.Ato lejohen t\u00eb punojn\u00eb vet\u00ebm me sh\u00ebrbimet \u201cmerr me vete\u201d, \u201cd\u00ebrges\u00eb me porosi\u201d apo marrjes s\u00eb porosive pa u larguar nga makinat.<\/p>\n<p> Sipas vendimit t\u00eb Qeveris\u00eb s\u00eb Kosov\u00ebs, ndalohet veprimtaria e qendrave t\u00eb mbyllura tregtare, p\u00ebrve\u00e7 sh\u00ebrbimeve esenciale n\u00eb kuad\u00ebr t\u00eb tyre, si\u00e7 jan\u00eb dyqanet ushqimore dhe farmacit\u00eb.<\/p>\n<p>Me masat e reja ndalohen t\u00eb gjitha grumbullimet me rrezikshm\u00ebri t\u00eb lart\u00eb t\u00eb shp\u00ebrndarjes s\u00eb infeksionit, me m\u00eb shum\u00eb se dhjet\u00eb persona<\/p>\n","protected":false},"excerpt":{"rendered":"<p>Pandemia e koronavirusit ka l\u00ebkundur ekonomit\u00eb an\u00eb e mban\u00eb bot\u00ebs dhe padyshim q\u00eb ndikim ka pasur edhe n\u00eb Kosov\u00eb, pasi gjat\u00eb vitit 2020 ka pasur r\u00ebnie t\u00eb Bruto Produktit Vendor (BPV) p\u00ebr minus 6 p\u00ebr qind. Sipas t\u00eb dh\u00ebnave t\u00eb Bank\u00ebs Bot\u00ebrore dhe Fondit Monetar Nd\u00ebrkomb\u00ebtar, kjo r\u00ebnie gjat\u00eb vitit 2020 e b\u00ebn\u00eb Kosov\u00ebn me [&hellip;]<\/p>\n","protected":false},"author":1,"featured_media":79211,"comment_status":"closed","ping_status":"closed","sticky":false,"template":"","format":"standard","meta":{"footnotes":""},"categories":[5],"tags":[],"class_list":{"0":"post-79210","1":"post","2":"type-post","3":"status-publish","4":"format-standard","5":"has-post-thumbnail","7":"category-lajme"},"_links":{"self":[{"href":"https:\/\/radiostargjilan.com\/web\/wp-json\/wp\/v2\/posts\/79210","targetHints":{"allow":["GET"]}}],"collection":[{"href":"https:\/\/radiostargjilan.com\/web\/wp-json\/wp\/v2\/posts"}],"about":[{"href":"https:\/\/radiostargjilan.com\/web\/wp-json\/wp\/v2\/types\/post"}],"author":[{"embeddable":true,"href":"https:\/\/radiostargjilan.com\/web\/wp-json\/wp\/v2\/users\/1"}],"replies":[{"embeddable":true,"href":"https:\/\/radiostargjilan.com\/web\/wp-json\/wp\/v2\/comments?post=79210"}],"version-history":[{"count":0,"href":"https:\/\/radiostargjilan.com\/web\/wp-json\/wp\/v2\/posts\/79210\/revisions"}],"wp:featuredmedia":[{"embeddable":true,"href":"https:\/\/radiostargjilan.com\/web\/wp-json\/wp\/v2\/media\/79211"}],"wp:attachment":[{"href":"https:\/\/radiostargjilan.com\/web\/wp-json\/wp\/v2\/media?parent=79210"}],"wp:term":[{"taxonomy":"category","embeddable":true,"href":"https:\/\/radiostargjilan.com\/web\/wp-json\/wp\/v2\/categories?post=79210"},{"taxonomy":"post_tag","embeddable":true,"href":"https:\/\/radiostargjilan.com\/web\/wp-json\/wp\/v2\/tags?post=79210"}],"curies":[{"name":"wp","href":"https:\/\/api.w.org\/{rel}","templated":true}]}}