{"id":79221,"date":"2021-04-11T15:23:29","date_gmt":"2021-04-11T15:23:29","guid":{"rendered":"https:\/\/radiostargjilan.com\/web\/?p=79221"},"modified":"2021-04-11T15:23:29","modified_gmt":"2021-04-11T15:23:29","slug":"arsyetohet-qeveria-29-mije-kosovare-shkuan-ne-shqiperi-per-dy-dite","status":"publish","type":"post","link":"https:\/\/radiostargjilan.com\/web\/arsyetohet-qeveria-29-mije-kosovare-shkuan-ne-shqiperi-per-dy-dite\/","title":{"rendered":"Arsyetohet qeveria: 29 mij\u00eb kosovar\u00eb shkuan n\u00eb Shqip\u00ebri p\u00ebr dy dit\u00eb"},"content":{"rendered":"<p>Z\u00ebdh\u00ebn\u00ebsi i Qeveris\u00eb s\u00eb Kosov\u00ebs, P\u00ebrparim Kryeziu ka arsyetuar masat e marra nga Qeveri dhe fluksin e madh n\u00eb drejtim t\u00eb Shqip\u00ebris\u00eb.<\/p>\n<p>Kryeziu tha gjat\u00eb t\u00eb premtes e t\u00eb shtun\u00ebs, 29 mij\u00eb kosovar\u00eb kan\u00eb shkuar n\u00eb Shqip\u00ebri, transmeton Indeksonline.<\/p>\n<p>Ai u shpreh\u00eb se n\u00eb t\u00eb nj\u00ebjt\u00ebn koh\u00eb, vitin 2019, kur s\u2019kishte pandemi, mbi 30 mij\u00eb persona kishin shkuar n\u00eb Shqip\u00ebri gjat\u00eb vikendit.<\/p>\n<p>\u201cMasat jan\u00eb vendosur p\u00ebr t\u00eb mbrojtur sh\u00ebndetin e qytetar\u00ebve, megjithat\u00eb ato mund t\u00eb arrijn\u00eb efektin vet\u00ebm n\u00ebse t\u00eb gjith\u00eb s\u00eb bashku tregojm\u00eb ndjeshm\u00ebri p\u00ebr ruajtjen e sh\u00ebndetit ton\u00eb dhe t\u00eb tjetrit\u201d, tha Kryeziu nd\u00ebr t\u00eb tjera.<\/p>\n<p>Postimi i plot\u00eb i P\u00ebrparim Kryeziut:<\/p>\n<p>P\u00ebr nj\u00eb koh\u00eb t\u00eb gjat\u00eb Kosova ka qen\u00eb vendi i vet\u00ebm me masa tejet t\u00eb liruara dhe n\u00eb disproporcion me p\u00ebrkeq\u00ebsimin e situat\u00ebs epidemiologjike. N\u00eb situata t\u00eb r\u00ebnduara, masat kufizuese jan\u00eb d\u00ebshmuar t\u00eb jen\u00eb t\u00eb pa z\u00ebvend\u00ebsueshme.<\/p>\n<p>Bizneset e prekura nga k\u00ebto masa nuk jan\u00eb t\u00eb mbyllura plot\u00ebsisht, sepse synimi \u00ebsht\u00eb q\u0113 ekonomia t\u00eb arrij\u00eb t\u00eb mir\u00ebmbahet teksa sh\u00ebndeti publik t\u00eb p\u00ebrmir\u00ebsohet.<\/p>\n<p>Ndon\u00ebse me aktivitet m\u00eb t\u00eb ul\u00ebt ekonomik, ato vazhdojn\u00eb t\u00eb punojn\u00eb p\u00ebrmes sh\u00ebrbimeve \u201cMerr me Vete\u201d dhe \u201cD\u00ebrges\u00eb me Porosi\u201d. Por meq\u00eb k\u00ebto forma mund t\u00eb jen\u00eb t\u00eb pamjaftueshme, p\u00ebr biznese \u00ebsht\u00eb paralajm\u00ebruar ndihm\u00eb financiare p\u00ebrmes mb\u00ebshtetjes n\u00eb paga t\u00eb pun\u00ebtor\u00ebve dhe t\u00eb shpenzimeve t\u00eb qiras\u00eb.Nd\u00ebrkoh\u00eb, kufijt\u00eb tok\u00ebsor\u00eb me shtetet fqinje jan\u00eb t\u00eb hapur.<\/p>\n<p>Qytetar\u00ebt kan\u00eb t\u00eb drejt\u00eb t\u00eb udh\u00ebtojn\u00eb sipas nevojave t\u00eb tyre, duke marr\u00eb parasysh respektimin e masave n\u00eb vendin mikprit\u00ebs, dhe t\u00eb atyre n\u00eb Kosov\u00eb me rastin e kthimit. Fluksi i madh n\u00eb pikat kufitare, me theks n\u00eb drejtim t\u00eb Shqip\u00ebris\u00eb, i regjistruar k\u00ebt\u00eb fundjav\u00eb edhe mund t\u00eb jet\u00eb ndikuar nga masat e fillimit t\u00eb jav\u00ebs s\u00eb kaluar, por nuk \u00ebsht\u00eb shkaktuar i gjithi nga to.Sipas t\u00eb dh\u00ebnave zyrtare n\u00eb dy dit\u00ebt e fundit, t\u00eb premten dhe t\u00eb shtun\u00ebn jan\u00eb regjistruar rreth 29 mij\u00eb persona q\u00eb kan\u00eb dal\u00eb jasht\u00eb vendit n\u00eb drejtim t\u00eb Shqip\u00ebris\u00eb. Sa p\u00ebr krahasim, n\u00eb vitin 2019, at\u00ebher\u00eb kur nuk kishte fare pandemi, n\u00eb nj\u00eb fundjav\u00eb t\u00eb krahasueshme, sikurse ajo e 27 dhe 28 prillit, q\u00eb p\u00ebr shkak t\u00eb Pashk\u00ebve ortodokse ishte fundjav\u00eb e zgjatur dhe me mot t\u00eb ngroht\u00eb sikurse k\u00ebsaj fundjave, rreth 30 mij\u00eb persona ishin regjistruar t\u00eb ken\u00eb dal\u00eb jasht\u00eb vendit n\u00eb drejtim t\u00eb Shqip\u00ebris\u00eb.<\/p>\n<p>Pra, dallimi \u00ebsht\u00eb shum\u00eb i vog\u00ebl dhe nuk paraqet trend tjet\u00ebr. Kjo d\u00ebshmon q\u00eb fluksi i k\u00ebsaj fundjave, sado q\u00eb mund t\u00eb jet\u00eb ndikuar, nuk \u00ebsht\u00eb shkaktuar nga masat kund\u00ebr COVID-19, t\u00eb vendosura nga 7 prilli, e as nuk shpjegohet plot\u00ebsisht p\u00ebrmes tyre.<\/p>\n<p>Masat jan\u00eb vendosur p\u00ebr t\u00eb mbrojtur sh\u00ebndetin e qytetar\u00ebve, megjithat\u00eb ato mund t\u00eb arrijn\u00eb efektin vet\u00ebm n\u00ebse t\u00eb gjith\u00eb s\u00eb bashku tregojm\u00eb ndjeshm\u00ebri p\u00ebr ruajtjen e sh\u00ebndetit ton\u00eb dhe t\u00eb tjetrit. Krahas vaksinimit, nuk duhet t\u00eb ndalen asnj\u00ebher\u00eb p\u00ebrpjekjet e p\u00ebrbashk\u00ebta p\u00ebr zbatimin e masave mbrojt\u00ebse, si nga qytetar\u00ebt ashtu edhe nga institucionet e bizneset, n\u00eb m\u00ebnyr\u00eb q\u00eb ta fitojm\u00eb sa m\u00eb shpejt\u00eb betej\u00ebn n\u00eb luft\u00ebn globale kund\u00ebr pandemis\u00eb.<\/p>\n","protected":false},"excerpt":{"rendered":"<p>Z\u00ebdh\u00ebn\u00ebsi i Qeveris\u00eb s\u00eb Kosov\u00ebs, P\u00ebrparim Kryeziu ka arsyetuar masat e marra nga Qeveri dhe fluksin e madh n\u00eb drejtim t\u00eb Shqip\u00ebris\u00eb. Kryeziu tha gjat\u00eb t\u00eb premtes e t\u00eb shtun\u00ebs, 29 mij\u00eb kosovar\u00eb kan\u00eb shkuar n\u00eb Shqip\u00ebri, transmeton Indeksonline. Ai u shpreh\u00eb se n\u00eb t\u00eb nj\u00ebjt\u00ebn koh\u00eb, vitin 2019, kur s\u2019kishte pandemi, mbi 30 mij\u00eb [&hellip;]<\/p>\n","protected":false},"author":1,"featured_media":79122,"comment_status":"closed","ping_status":"closed","sticky":false,"template":"","format":"standard","meta":{"footnotes":""},"categories":[5],"tags":[],"class_list":{"0":"post-79221","1":"post","2":"type-post","3":"status-publish","4":"format-standard","5":"has-post-thumbnail","7":"category-lajme"},"_links":{"self":[{"href":"https:\/\/radiostargjilan.com\/web\/wp-json\/wp\/v2\/posts\/79221","targetHints":{"allow":["GET"]}}],"collection":[{"href":"https:\/\/radiostargjilan.com\/web\/wp-json\/wp\/v2\/posts"}],"about":[{"href":"https:\/\/radiostargjilan.com\/web\/wp-json\/wp\/v2\/types\/post"}],"author":[{"embeddable":true,"href":"https:\/\/radiostargjilan.com\/web\/wp-json\/wp\/v2\/users\/1"}],"replies":[{"embeddable":true,"href":"https:\/\/radiostargjilan.com\/web\/wp-json\/wp\/v2\/comments?post=79221"}],"version-history":[{"count":0,"href":"https:\/\/radiostargjilan.com\/web\/wp-json\/wp\/v2\/posts\/79221\/revisions"}],"wp:featuredmedia":[{"embeddable":true,"href":"https:\/\/radiostargjilan.com\/web\/wp-json\/wp\/v2\/media\/79122"}],"wp:attachment":[{"href":"https:\/\/radiostargjilan.com\/web\/wp-json\/wp\/v2\/media?parent=79221"}],"wp:term":[{"taxonomy":"category","embeddable":true,"href":"https:\/\/radiostargjilan.com\/web\/wp-json\/wp\/v2\/categories?post=79221"},{"taxonomy":"post_tag","embeddable":true,"href":"https:\/\/radiostargjilan.com\/web\/wp-json\/wp\/v2\/tags?post=79221"}],"curies":[{"name":"wp","href":"https:\/\/api.w.org\/{rel}","templated":true}]}}