{"id":79275,"date":"2021-04-12T12:23:51","date_gmt":"2021-04-12T12:23:51","guid":{"rendered":"https:\/\/radiostargjilan.com\/web\/?p=79275"},"modified":"2021-04-12T12:23:51","modified_gmt":"2021-04-12T12:23:51","slug":"qeveria-kurti-paralajmeron-kthimin-e-reciprocitetit-me-serbine-dhe-shtetet-tjera-qe-veprojne-nje-anshem-me-kosoven","status":"publish","type":"post","link":"https:\/\/radiostargjilan.com\/web\/qeveria-kurti-paralajmeron-kthimin-e-reciprocitetit-me-serbine-dhe-shtetet-tjera-qe-veprojne-nje-anshem-me-kosoven\/","title":{"rendered":"Qeveria Kurti paralajm\u00ebron kthimin e reciprocitetit me Serbin\u00eb, dhe shtetet tjera q\u00eb veprojn\u00eb nj\u00eb ansh\u00ebm me Kosov\u00ebn"},"content":{"rendered":"<p>\u00c7\u00ebshtje dit\u00ebsh apo jav\u00ebsh e kurrsesi muajsh, ishte zotuar p\u00ebr kthimin e reciprocitet me Serbin\u00eb, Kryeministri Albin Kurti, dy dit\u00eb para se t\u00eb fitonte zgjedhjet e 14 shkurtit.<\/p>\n<p>E 21 dit\u00eb pasi e ka marr\u00eb p\u00ebr her\u00eb t\u00eb dyt\u00eb n\u00eb drejtim ekzekutimin, Qeveria e Albin Kurtit po paralajm\u00ebron serish se s\u00eb shpejti do t\u2019i kthej\u00eb n\u00eb fuqi masat e reciprocitetit me shtetin serb.<\/p>\n<p>K\u00ebshtu t\u00eb pakt\u00ebn paralajm\u00ebron Z\u00ebdh\u00ebn\u00ebsi i Qeveris\u00eb Kurti, P\u00ebrparim Kryeziu, n\u00eb nj\u00eb deklarim p\u00ebr Reporteri.net.<\/p>\n<p>Sipas tij, kjo pasi \u201cReciprociteti \u00ebsht\u00eb e drejt\u00eb q\u00eb buron nga barazia dhe sovraniteti, pra t\u00eb qenit i pavarur, n\u00eb m\u00ebnyr\u00eb q\u00eb t\u00eb mbrohen qytetar\u00ebt nga sjellja arbitrare apo shkelja e t\u00eb drejtave dhe dinjitetit nga ana e shteteve tjera\u201d.<\/p>\n<p>Por shton se masat e tilla nuk do t\u00eb vlejn\u00eb vet\u00ebm p\u00ebr Serbin\u00eb, por edhe p\u00ebr secilin shtet q\u00eb vepron nj\u00ebansh\u00ebm m\u00eb Kosov\u00ebn.<\/p>\n<p>\u201c\u00cbsht\u00eb obligim i qeveris\u00eb dhe kryeministrit Kurtit q\u00eb t\u00eb mbroj\u00eb qytetar\u00ebt e republik\u00ebs dhe interesat e shtetit t\u00eb Kosov\u00ebs. Andaj edhe do t\u00eb ket\u00eb masa reciprocitetit me secilin shtet, duke p\u00ebrfshir\u00eb edhe Serbin\u00eb, n\u00eb secil\u00ebn fush\u00eb ku ka veprime t\u00eb nj\u00ebanshme t\u00eb cilat shkelin parimin e barazis\u00eb dhe marr\u00ebveshjet e n\u00ebnshkruara\u201d, tha Kryeziu.<\/p>\n<p>Tutje, ai kujton se kishte para nj\u00eb viti ishte ardhur deri t\u00eb ky vendim, nga at\u00ebkoh\u00eb Qeveria n\u00eb detyr\u00eb e Kurti, vet\u00ebm pak dit\u00eb pasi ishte rr\u00ebzuar me vot\u00eb n\u00eb Kuvend.<\/p>\n<p>\u201cMe 31 Mars 2020, pra nj\u00eb muaj e gjysm\u00eb apo 57 dit\u00eb pas zgjedhjes e pas pranimit t\u00eb detyr\u00ebs s\u00eb kryeministrit n\u00eb mandatin e par\u00eb, n\u00eb mbledhjen e qeveris\u00eb kemi marr\u00eb vendimin 01\/20 \u201cP\u00ebr zbatimin gradual t\u00eb reciprocitetit me Serbin\u00eb\u201d. Sot jemi n\u00eb dit\u00ebn e 21 t\u00eb qeverisjes n\u00eb mandatin e dyt\u00eb\u201d, shton Kryeziu.<\/p>\n<p>Heqja e masave t\u00eb reciprociteti me Serbin\u00eb ishte b\u00ebr\u00eb nga Qeveria Hoti, si nj\u00eb nga vendimet e saj t\u00eb para t\u00eb qeverisjes disa mujore t\u00eb koalicionit qeveris\u00ebs LDK-AAK e NISMA, mandati i t\u00eb cil\u00ebs u nd\u00ebrpre nga Gjykata Kushtetuese, dhjetorin e vitit t\u00eb shkuar, p\u00ebr t\u00eb pasuar zgjedhjet e jasht\u00ebzakonshme t\u00eb 14 shkurtit.<\/p>\n<p>Vet\u00ebm dy dit\u00eb para zgjedhjeve, Albin Kurti, n\u00eb debatin e tij t\u00eb fundit televiziv, dhe i vetmi gjat\u00eb gjith\u00eb fushat\u00ebs zgjedhore, paralajm\u00ebroi kthimin e reciprociteti me Serbin\u00eb, si nj\u00eb nga vendimet e para t\u00eb tij.<\/p>\n<p>\u201c\u00cbsht\u00eb \u00e7\u00ebshtje dit\u00ebsh apo jav\u00ebsh e kurrsesi muajsh. Nuk e di se cila do t\u00eb jet\u00eb sekuenca por \u00ebsht\u00eb nd\u00ebr gj\u00ebrat e para q\u00eb do ta b\u00ebjm\u00eb\u201d, kishte deklaruar Kurti m\u00eb 12 shkurt 2021.<\/p>\n<p>Derisa shtonte se Dialogu me Serbin\u00eb, q\u00eb shkas i nd\u00ebrprerjes s\u00eb tij ishte b\u00ebr\u00eb taksa 100% e ish-Kryeministrit Haradinaj e m\u00eb pas reciprociteti i Kurtit, nuk do t\u00eb jet\u00eb as prioritet i qeveris\u00eb Kurti 2.<\/p>\n<p>Nd\u00ebrkoh\u00eb q\u00eb sot Kryeministri Kurti ka njoftuar se gjat\u00eb vikendit, bashk\u00eb me kabinetin Qeveris\u00ebs ka zhvilluar pun\u00ebtorin\u00eb p\u00ebr hartimin e Programit Qeveris\u00ebs dhe Planin e Veprimit p\u00ebr kat\u00ebr vitet e ardhshme t\u00eb qeverisjes, por pa e p\u00ebrmendur p\u00ebrfshirjen e k\u00ebsaj \u00e7\u00ebshtje n\u00eb k\u00ebt\u00eb program.<\/p>\n","protected":false},"excerpt":{"rendered":"<p>\u00c7\u00ebshtje dit\u00ebsh apo jav\u00ebsh e kurrsesi muajsh, ishte zotuar p\u00ebr kthimin e reciprocitet me Serbin\u00eb, Kryeministri Albin Kurti, dy dit\u00eb para se t\u00eb fitonte zgjedhjet e 14 shkurtit. E 21 dit\u00eb pasi e ka marr\u00eb p\u00ebr her\u00eb t\u00eb dyt\u00eb n\u00eb drejtim ekzekutimin, Qeveria e Albin Kurtit po paralajm\u00ebron serish se s\u00eb shpejti do t\u2019i kthej\u00eb [&hellip;]<\/p>\n","protected":false},"author":1,"featured_media":79276,"comment_status":"closed","ping_status":"closed","sticky":false,"template":"","format":"standard","meta":{"footnotes":""},"categories":[5],"tags":[],"class_list":{"0":"post-79275","1":"post","2":"type-post","3":"status-publish","4":"format-standard","5":"has-post-thumbnail","7":"category-lajme"},"_links":{"self":[{"href":"https:\/\/radiostargjilan.com\/web\/wp-json\/wp\/v2\/posts\/79275","targetHints":{"allow":["GET"]}}],"collection":[{"href":"https:\/\/radiostargjilan.com\/web\/wp-json\/wp\/v2\/posts"}],"about":[{"href":"https:\/\/radiostargjilan.com\/web\/wp-json\/wp\/v2\/types\/post"}],"author":[{"embeddable":true,"href":"https:\/\/radiostargjilan.com\/web\/wp-json\/wp\/v2\/users\/1"}],"replies":[{"embeddable":true,"href":"https:\/\/radiostargjilan.com\/web\/wp-json\/wp\/v2\/comments?post=79275"}],"version-history":[{"count":0,"href":"https:\/\/radiostargjilan.com\/web\/wp-json\/wp\/v2\/posts\/79275\/revisions"}],"wp:featuredmedia":[{"embeddable":true,"href":"https:\/\/radiostargjilan.com\/web\/wp-json\/wp\/v2\/media\/79276"}],"wp:attachment":[{"href":"https:\/\/radiostargjilan.com\/web\/wp-json\/wp\/v2\/media?parent=79275"}],"wp:term":[{"taxonomy":"category","embeddable":true,"href":"https:\/\/radiostargjilan.com\/web\/wp-json\/wp\/v2\/categories?post=79275"},{"taxonomy":"post_tag","embeddable":true,"href":"https:\/\/radiostargjilan.com\/web\/wp-json\/wp\/v2\/tags?post=79275"}],"curies":[{"name":"wp","href":"https:\/\/api.w.org\/{rel}","templated":true}]}}