{"id":79371,"date":"2021-04-13T16:41:57","date_gmt":"2021-04-13T16:41:57","guid":{"rendered":"https:\/\/radiostargjilan.com\/web\/?p=79371"},"modified":"2021-04-13T16:41:57","modified_gmt":"2021-04-13T16:41:57","slug":"donika-gervalla-kosova-votoi-per-clirimin-e-vetes-nga-korrupsioni","status":"publish","type":"post","link":"https:\/\/radiostargjilan.com\/web\/donika-gervalla-kosova-votoi-per-clirimin-e-vetes-nga-korrupsioni\/","title":{"rendered":"Donika G\u00ebrvalla: Kosova votoi p\u00ebr \u00e7lirimin e vetes nga korrupsioni"},"content":{"rendered":"<p>Z\u00ebvend\u00ebskryeministrja dhe ministrja e Jashtme e Kosov\u00ebs, Donika G\u00ebrvalla, para an\u00ebtar\u00ebve t\u00eb K\u00ebshillit t\u00eb Sigurimit ka folur edhe p\u00ebr krijimin e institucioneve t\u00eb reja t\u00eb Kosov\u00ebs.<\/p>\n<p>Ajo tha se n\u00eb Kosov\u00eb do t\u00eb b\u00ebhet reform\u00eb n\u00eb drejt\u00ebsi, investime dhe se do t\u00eb ket\u00eb sundim t\u00eb ligjit, duke shtuar se k\u00ebt\u00eb e kan\u00eb k\u00ebrkuar qytetar\u00ebt me vot\u00ebn e tyre, njofton Klan Kosova.<\/p>\n<p>\u201cRaporti i UNMIK \u00ebsht\u00eb vet\u00ebm nj\u00eb jav\u00eb pas krijimit t\u00eb Qeveris\u00eb son\u00eb t\u00eb re. Shumica ka votuar q\u00eb t\u00eb \u00e7liroj\u00eb veten nga korrupsioni dhe krimi. Jemi n\u00eb nj\u00eb udh\u00ebtim p\u00ebr t\u00eb p\u00ebrmbushur vullnetin dhe k\u00ebrkesat e popullit ton\u00eb, p\u00ebr ta b\u00ebr\u00eb vendin ton\u00eb t\u00eb ri plot\u00ebsisht t\u00eb njohur ku sundimi i ligjit dhe demokracia funksionojn\u00eb\u201d.<\/p>\n<p>G\u00ebrvalla, duke th\u00ebn\u00eb se Kosova po vazhdon luft\u00ebn e saj kund\u00ebr pandemis\u00eb, ka fal\u00ebnderuar miqt\u00eb nd\u00ebrkomb\u00ebtar\u00eb q\u00eb po e ndihmojn\u00eb vendin n\u00eb sigurimin e vaksinave.<\/p>\n<p>\u201cNj\u00ebkoh\u00ebsisht me pandemin\u00eb po p\u00ebrgatitemi p\u00ebr implementimin e k\u00ebsaj epoke me nj\u00eb s\u00ebr\u00eb \u00e7\u00ebshtje q\u00eb t\u00eb l\u00ebm\u00eb nj\u00eb epok\u00eb t\u00eb korruptuar prapa. Po p\u00ebrgatitemi p\u00ebr reforma n\u00eb drejt\u00ebsi, investime dhe sundim t\u00eb ligjit n\u00eb vend t\u00eb korrupsionit n\u00eb nj\u00eb shoq\u00ebri me mend\u00ebsi europiane. Njer\u00ebzit na kan\u00eb dh\u00ebn\u00eb besimin e k\u00ebtij ndryshimi historik dhe jemi t\u00eb p\u00ebrkushtuar ta zbatojm\u00eb at\u00eb\u201d.<\/p>\n<p>Sa i p\u00ebrket dialogut me Serbin\u00eb, G\u00ebrvalla ka th\u00ebn\u00eb se n\u00eb Qeverin\u00eb e re ka njer\u00ebz me kurajo dhe mendje t\u00eb hapur q\u00eb s\u2019frik\u00ebsohen t\u00eb adresojn\u00eb periudh\u00ebn e dhimbshme t\u00eb vendit.<\/p>\n","protected":false},"excerpt":{"rendered":"<p>Z\u00ebvend\u00ebskryeministrja dhe ministrja e Jashtme e Kosov\u00ebs, Donika G\u00ebrvalla, para an\u00ebtar\u00ebve t\u00eb K\u00ebshillit t\u00eb Sigurimit ka folur edhe p\u00ebr krijimin e institucioneve t\u00eb reja t\u00eb Kosov\u00ebs. Ajo tha se n\u00eb Kosov\u00eb do t\u00eb b\u00ebhet reform\u00eb n\u00eb drejt\u00ebsi, investime dhe se do t\u00eb ket\u00eb sundim t\u00eb ligjit, duke shtuar se k\u00ebt\u00eb e kan\u00eb k\u00ebrkuar qytetar\u00ebt me [&hellip;]<\/p>\n","protected":false},"author":1,"featured_media":79372,"comment_status":"closed","ping_status":"closed","sticky":false,"template":"","format":"standard","meta":{"footnotes":""},"categories":[5],"tags":[],"class_list":{"0":"post-79371","1":"post","2":"type-post","3":"status-publish","4":"format-standard","5":"has-post-thumbnail","7":"category-lajme"},"_links":{"self":[{"href":"https:\/\/radiostargjilan.com\/web\/wp-json\/wp\/v2\/posts\/79371","targetHints":{"allow":["GET"]}}],"collection":[{"href":"https:\/\/radiostargjilan.com\/web\/wp-json\/wp\/v2\/posts"}],"about":[{"href":"https:\/\/radiostargjilan.com\/web\/wp-json\/wp\/v2\/types\/post"}],"author":[{"embeddable":true,"href":"https:\/\/radiostargjilan.com\/web\/wp-json\/wp\/v2\/users\/1"}],"replies":[{"embeddable":true,"href":"https:\/\/radiostargjilan.com\/web\/wp-json\/wp\/v2\/comments?post=79371"}],"version-history":[{"count":0,"href":"https:\/\/radiostargjilan.com\/web\/wp-json\/wp\/v2\/posts\/79371\/revisions"}],"wp:featuredmedia":[{"embeddable":true,"href":"https:\/\/radiostargjilan.com\/web\/wp-json\/wp\/v2\/media\/79372"}],"wp:attachment":[{"href":"https:\/\/radiostargjilan.com\/web\/wp-json\/wp\/v2\/media?parent=79371"}],"wp:term":[{"taxonomy":"category","embeddable":true,"href":"https:\/\/radiostargjilan.com\/web\/wp-json\/wp\/v2\/categories?post=79371"},{"taxonomy":"post_tag","embeddable":true,"href":"https:\/\/radiostargjilan.com\/web\/wp-json\/wp\/v2\/tags?post=79371"}],"curies":[{"name":"wp","href":"https:\/\/api.w.org\/{rel}","templated":true}]}}