{"id":79823,"date":"2021-04-19T10:53:28","date_gmt":"2021-04-19T10:53:28","guid":{"rendered":"https:\/\/radiostargjilan.com\/web\/?p=79823"},"modified":"2021-04-19T10:53:28","modified_gmt":"2021-04-19T10:53:28","slug":"apelon-lutfi-haziri-duhet-te-kemi-kujdes-maksimal-sepse-covid-19-nuk-eshte-larguar","status":"publish","type":"post","link":"https:\/\/radiostargjilan.com\/web\/apelon-lutfi-haziri-duhet-te-kemi-kujdes-maksimal-sepse-covid-19-nuk-eshte-larguar\/","title":{"rendered":"Apelon Lutfi Haziri: Duhet t\u00eb kemi kujdes maksimal sepse COVID-19 nuk \u00ebsht\u00eb larguar"},"content":{"rendered":"<p>Komiteti p\u00ebr menaxhimin dhe parandalimin e p\u00ebrhapjes me COVID-19, n\u00eb takimin e mbajtur sot t\u00eb kryesuar nga kryetari i Komun\u00ebs s\u00eb Gjilanit, Lutfi Haziri, ka vler\u00ebsuar gjendjen e p\u00ebrgjithshme t\u00eb p\u00ebrballjes me pandemin\u00eb Covid-19 dhe procesin e vaksinimit. <\/p>\n<p>Kryetari Haziri ka k\u00ebrkuar respektimin e rekomandimeve t\u00eb IKSHPK dhe n\u00eb baz\u00eb t\u00eb vler\u00ebsimeve t\u00eb fundit del se prej 19534 mostra t\u00eb marra deri m\u00eb tani, 668 qytetar\u00eb jan\u00eb aktualisht pozitiv. <\/p>\n<p>\u201cEdhe pas vler\u00ebsimeve t\u00eb fundit q\u00eb sot kemi b\u00ebr\u00eb t\u00eb p\u00ebrballjes me pandemin\u00eb dhe procesin e vaksinimit del se me gjendje m\u00eb t\u00eb r\u00ebnd\u00eb jan\u00eb 80 qytetar\u00eb t\u00eb shtruar n\u00eb Spitalin Regjional, por kronika e zez\u00eb \u00ebsht\u00eb v\u00ebshtir\u00ebsia m\u00eb e madhe q\u00eb e kemi n\u00eb k\u00ebt\u00eb rrug\u00eb t\u00eb v\u00ebshtir\u00eb, kur nga jeta ndahen qytetar\u00ebt tan\u00eb dhe numri i tyre, deri m\u00eb tani \u00ebsht\u00eb gjithsej 131 t\u00eb vdekur. Solidarizohemi me t\u00eb gjitha familjet q\u00eb kan\u00eb humbur jet\u00ebn. Edhe Komiteti i Emergjencave n\u00eb Gjilan ka humbur nj\u00eb an\u00ebtar t\u00eb vetin, Ymer Demollin, i angazhuar 24 or\u00eb dhe 7 dit\u00eb p\u00ebr t\u00eb parandaluar Covid-in, por fat\u00ebkeq\u00ebsisht ai nuk \u00ebsht\u00eb m\u00eb n\u00eb mesin ton\u00eb\u201d, ka th\u00ebn\u00eb Haziri, n\u00eb konferenc\u00ebn p\u00ebr media t\u00eb s\u00eb h\u00ebn\u00ebs. <\/p>\n<p>Ai ka apeluar q\u00eb qytetar\u00ebt e Gjilanit t\u00eb ken\u00eb nj\u00eb kujdes dhe p\u00ebrkushtim t\u00eb madh n\u00eb ruajtje t\u00eb distanc\u00ebs sociale, higjien\u00ebs personale, pasi, si\u00e7 tha, nuk \u00ebsht\u00eb larguar virusi. <\/p>\n<p>\u201cVaksinimi nuk n\u00ebnkupton q\u00eb familja apo personi shp\u00ebton nga infeksioni, por duhet vazhdimisht t\u00eb jemi t\u00eb kujdessh\u00ebm karshi respektimit t\u00eb masave t\u00eb reja t\u00eb cilat jan\u00eb m\u00eb t\u00eb liruara dhe shpresojm\u00eb q\u00eb kujdesi edhe m\u00eb tutje t\u00eb jet\u00eb n\u00eb nivelin m\u00eb t\u00eb lart\u00eb\u201d, ka shtuar Haziri.<\/p>\n<p>Mesazhe p\u00ebr kujdes nga COVID-19 ka dh\u00ebn\u00eb edhe dr. Arbenita Hajdari, drejtoresh\u00eb e  QKMF\u2019s\u00eb, dr. Ajhane Sefiu, drejtoresh\u00eb e QRSHP dhe dr. Ukshin Ismajli, drejtor i Spitalit Regjional, derisa kan\u00eb konfirmuar se angazhimi i stafit mjeksor \u00ebsht\u00eb ne nivelin m\u00eb t\u00eb lart\u00eb t\u00eb mundsh\u00ebm.<\/p>\n<p>N\u00eb k\u00ebt\u00eb konferenc\u00eb u konfirmua se deri m\u00eb tani 836 vaksina jan\u00eb dh\u00ebn\u00eb p\u00ebr stafin mjek\u00ebsor dhe t\u00eb moshuarit mbi 80 vjet.<\/p>\n<p>Ndryshe, pasqyra e p\u00ebrgjithshme n\u00eb Gjilan q\u00eb prej fillimit t\u00eb pandemis\u00eb \u00ebsht\u00eb si vijon: nga 19534 mostra, 6068 kan\u00eb rezultuar pozitiv\u00eb, 5279 jan\u00eb sh\u00ebruar, 131 qytetar\u00eb e kan\u00eb humbur betej\u00ebn me virusin, 668 raste jan\u00eb aktive, t\u00eb hospitalizuar me COVID jan\u00eb 79 persona dhe 52 mostra n\u00eb pritje p\u00ebr  rezultat.<\/p>\n","protected":false},"excerpt":{"rendered":"<p>Komiteti p\u00ebr menaxhimin dhe parandalimin e p\u00ebrhapjes me COVID-19, n\u00eb takimin e mbajtur sot t\u00eb kryesuar nga kryetari i Komun\u00ebs s\u00eb Gjilanit, Lutfi Haziri, ka vler\u00ebsuar gjendjen e p\u00ebrgjithshme t\u00eb p\u00ebrballjes me pandemin\u00eb Covid-19 dhe procesin e vaksinimit. Kryetari Haziri ka k\u00ebrkuar respektimin e rekomandimeve t\u00eb IKSHPK dhe n\u00eb baz\u00eb t\u00eb vler\u00ebsimeve t\u00eb fundit del [&hellip;]<\/p>\n","protected":false},"author":1,"featured_media":79824,"comment_status":"closed","ping_status":"closed","sticky":false,"template":"","format":"standard","meta":{"footnotes":""},"categories":[5],"tags":[],"class_list":{"0":"post-79823","1":"post","2":"type-post","3":"status-publish","4":"format-standard","5":"has-post-thumbnail","7":"category-lajme"},"_links":{"self":[{"href":"https:\/\/radiostargjilan.com\/web\/wp-json\/wp\/v2\/posts\/79823","targetHints":{"allow":["GET"]}}],"collection":[{"href":"https:\/\/radiostargjilan.com\/web\/wp-json\/wp\/v2\/posts"}],"about":[{"href":"https:\/\/radiostargjilan.com\/web\/wp-json\/wp\/v2\/types\/post"}],"author":[{"embeddable":true,"href":"https:\/\/radiostargjilan.com\/web\/wp-json\/wp\/v2\/users\/1"}],"replies":[{"embeddable":true,"href":"https:\/\/radiostargjilan.com\/web\/wp-json\/wp\/v2\/comments?post=79823"}],"version-history":[{"count":0,"href":"https:\/\/radiostargjilan.com\/web\/wp-json\/wp\/v2\/posts\/79823\/revisions"}],"wp:featuredmedia":[{"embeddable":true,"href":"https:\/\/radiostargjilan.com\/web\/wp-json\/wp\/v2\/media\/79824"}],"wp:attachment":[{"href":"https:\/\/radiostargjilan.com\/web\/wp-json\/wp\/v2\/media?parent=79823"}],"wp:term":[{"taxonomy":"category","embeddable":true,"href":"https:\/\/radiostargjilan.com\/web\/wp-json\/wp\/v2\/categories?post=79823"},{"taxonomy":"post_tag","embeddable":true,"href":"https:\/\/radiostargjilan.com\/web\/wp-json\/wp\/v2\/tags?post=79823"}],"curies":[{"name":"wp","href":"https:\/\/api.w.org\/{rel}","templated":true}]}}