{"id":80469,"date":"2021-04-27T11:55:45","date_gmt":"2021-04-27T11:55:45","guid":{"rendered":"https:\/\/radiostargjilan.com\/web\/?p=80469"},"modified":"2021-04-27T11:55:45","modified_gmt":"2021-04-27T11:55:45","slug":"lansohet-inkubatori-per-agrobiznes-ne-gjilan","status":"publish","type":"post","link":"https:\/\/radiostargjilan.com\/web\/lansohet-inkubatori-per-agrobiznes-ne-gjilan\/","title":{"rendered":"LANSOHET INKUBATORI P\u00cbR AGROBIZNES N\u00cb GJILAN"},"content":{"rendered":"<p>\nM\u00eb 22 prill 2021 \u00ebsht\u00eb hapur zyrtarisht inkubatori i agrobiznesit  n\u00eb kuad\u00ebr t\u00eb shkoll\u00ebs s\u00eb mesme t\u00eb bujq\u00ebsis\u00eb Arb\u00ebria n\u00eb Gjilan. Inkubatori ka p\u00ebr q\u00ebllim p\u00ebrkrahjen e ideve start-up t\u00eb rinjve n\u00eb rajon, n\u00eb fush\u00ebn e agro-biznesit. Ai do t\u00eb ofron p\u00ebrkrahje t\u00eb shum\u00ebllojshme, duke filluar me hap\u00ebsira t\u00eb pun\u00ebs dhe pajisje, sh\u00ebrbime k\u00ebshillimi nga profesionist\u00eb t\u00eb spikatur t\u00eb fush\u00ebs, infrastruktur\u00eb shtes\u00eb si laboratori, pajisje prodhimi dhe p\u00ebrpunimi  t\u00eb produkteve bujq\u00ebsore, mund\u00ebsi rrjet\u00ebzimi dhe promovimi p\u00ebr sip\u00ebrmarr\u00ebsit e ri, dhe shum\u00eb p\u00ebrpar\u00ebsi tjera.<br \/>\nInkubatori i lansuar \u00ebsht\u00eb i par\u00eb dhe m\u00eb i zhvilluari i k\u00ebtij lloji n\u00eb Kosov\u00eb.  Si iniciativ\u00eb \u00ebsht\u00eb lansuar si pjes\u00eb e projektit  \u201cT\u00eb rinjt\u00eb n\u00eb Agrobiznes- Regjioni Ekonomik Lindor\u201d, i financuar nga Bashkimi Evropian, i menaxhuar nga Zyra e Unionit Evropian n\u00eb Kosov\u00eb, dhe i zbatuar nga Komuna e Gjilanit n\u00eb bashk\u00ebpunim me komunat e tjera nga Regjioni Lindor. Q\u00ebllimi kryesor i k\u00ebtij projekti ka qen\u00eb q\u00eb t\u00eb krijoj pun\u00ebsim fitimprur\u00ebs dhe gjenerim  t\u00eb t\u00eb ardhurave p\u00ebr t\u00eb rinjt\u00eb n\u00eb Regjionin Ekonomik Lindor.<br \/>\n<img loading=\"lazy\" loading=\"lazy\" decoding=\"async\" src=\"https:\/\/radiostargjilan.com\/web\/wp-content\/uploads\/2021\/04\/CE9C21FC-ECA0-4097-A656-3A1ED08CC82A.jpeg\" alt=\"\" width=\"1242\" height=\"828\" class=\"aligncenter size-full wp-image-80462\" srcset=\"https:\/\/radiostargjilan.com\/web\/wp-content\/uploads\/2021\/04\/CE9C21FC-ECA0-4097-A656-3A1ED08CC82A.jpeg 1242w, https:\/\/radiostargjilan.com\/web\/wp-content\/uploads\/2021\/04\/CE9C21FC-ECA0-4097-A656-3A1ED08CC82A-300x200.jpeg 300w, https:\/\/radiostargjilan.com\/web\/wp-content\/uploads\/2021\/04\/CE9C21FC-ECA0-4097-A656-3A1ED08CC82A-1024x683.jpeg 1024w, https:\/\/radiostargjilan.com\/web\/wp-content\/uploads\/2021\/04\/CE9C21FC-ECA0-4097-A656-3A1ED08CC82A-768x512.jpeg 768w, https:\/\/radiostargjilan.com\/web\/wp-content\/uploads\/2021\/04\/CE9C21FC-ECA0-4097-A656-3A1ED08CC82A-600x400.jpeg 600w\" sizes=\"auto, (max-width: 1242px) 100vw, 1242px\" \/><br \/>\nN\u00eb hapjen e inkubatorit ishin prezent Kryetari i Komun\u00ebs Lutfi Haziri, p\u00ebrfaq\u00ebsues tjer\u00eb t\u00eb r\u00ebnd\u00ebsish\u00ebm t\u00eb komun\u00ebs, personeli i projektit dhe hisedar\u00eb tjer\u00eb. Kryetari Haziri q\u00eb nga fillimi ka p\u00ebrkrahur fuqimisht k\u00ebt\u00eb projekt, si pjes\u00eb e p\u00ebrkrahjes s\u00eb tij tradicionale p\u00ebr sektorin e biznesit n\u00eb p\u00ebrgjith\u00ebsi, dhe agro-biznesit n\u00eb ve\u00e7anti, n\u00eb komun\u00ebn e Gjilanit.<br \/>\n<img loading=\"lazy\" loading=\"lazy\" decoding=\"async\" src=\"https:\/\/radiostargjilan.com\/web\/wp-content\/uploads\/2021\/04\/8C089D7A-73C7-461F-8F71-FE3F761BCF15.jpeg\" alt=\"\" width=\"1242\" height=\"828\" class=\"aligncenter size-full wp-image-80463\" srcset=\"https:\/\/radiostargjilan.com\/web\/wp-content\/uploads\/2021\/04\/8C089D7A-73C7-461F-8F71-FE3F761BCF15.jpeg 1242w, https:\/\/radiostargjilan.com\/web\/wp-content\/uploads\/2021\/04\/8C089D7A-73C7-461F-8F71-FE3F761BCF15-300x200.jpeg 300w, https:\/\/radiostargjilan.com\/web\/wp-content\/uploads\/2021\/04\/8C089D7A-73C7-461F-8F71-FE3F761BCF15-1024x683.jpeg 1024w, https:\/\/radiostargjilan.com\/web\/wp-content\/uploads\/2021\/04\/8C089D7A-73C7-461F-8F71-FE3F761BCF15-768x512.jpeg 768w, https:\/\/radiostargjilan.com\/web\/wp-content\/uploads\/2021\/04\/8C089D7A-73C7-461F-8F71-FE3F761BCF15-600x400.jpeg 600w\" sizes=\"auto, (max-width: 1242px) 100vw, 1242px\" \/><br \/>\nInkubatori \u00ebsht\u00eb lansuar n\u00eb Gjilan p\u00ebr t\u00eb p\u00ebrfituar nga tradita tashm\u00eb e gjat\u00eb e rajonit lindje n\u00eb bujq\u00ebsi. Kjo iniciativ\u00eb do t\u00eb zbatohet brenda shkoll\u00ebs s\u00eb bujq\u00ebsis\u00eb n\u00eb Gjilan,  ku p\u00ebrfitimi mes inkubatorit dhe shkoll\u00ebs do t\u00eb jet\u00eb i nd\u00ebrsjell\u00eb, duke shfryt\u00ebzuar n\u00eb maksimum resurset dhe p\u00ebrvoj\u00ebn e shkoll\u00ebs, personelit akademik, si dhe nx\u00ebn\u00ebsve t\u00eb talentuar dhe motivuar t\u00eb shkoll\u00ebs.<br \/>\n <img loading=\"lazy\" loading=\"lazy\" decoding=\"async\" src=\"https:\/\/radiostargjilan.com\/web\/wp-content\/uploads\/2021\/04\/564F3519-A634-4CB2-A767-2E64BABFFBC3.jpeg\" alt=\"\" width=\"1242\" height=\"828\" class=\"aligncenter size-full wp-image-80464\" srcset=\"https:\/\/radiostargjilan.com\/web\/wp-content\/uploads\/2021\/04\/564F3519-A634-4CB2-A767-2E64BABFFBC3.jpeg 1242w, https:\/\/radiostargjilan.com\/web\/wp-content\/uploads\/2021\/04\/564F3519-A634-4CB2-A767-2E64BABFFBC3-300x200.jpeg 300w, https:\/\/radiostargjilan.com\/web\/wp-content\/uploads\/2021\/04\/564F3519-A634-4CB2-A767-2E64BABFFBC3-1024x683.jpeg 1024w, https:\/\/radiostargjilan.com\/web\/wp-content\/uploads\/2021\/04\/564F3519-A634-4CB2-A767-2E64BABFFBC3-768x512.jpeg 768w, https:\/\/radiostargjilan.com\/web\/wp-content\/uploads\/2021\/04\/564F3519-A634-4CB2-A767-2E64BABFFBC3-600x400.jpeg 600w\" sizes=\"auto, (max-width: 1242px) 100vw, 1242px\" \/><br \/>\nMund\u00ebsit\u00eb p\u00ebr lansimin e bizneseve n\u00eb agro-biznes jan\u00eb t\u00eb shumta n\u00eb rajon. Nj\u00eb pjes\u00eb e kompanive n\u00eb Kosov\u00eb shum\u00eb t\u00eb suksesshme n\u00eb k\u00ebt\u00eb fush\u00eb, sidomos ato n\u00eb p\u00ebrpunimin e ushqimin e l\u00ebngjeve, jan\u00eb t\u00eb themeluara n\u00eb rajonin e Gjilanit, q\u00eb mund\u00ebson t\u00eb rinjve q\u00eb d\u00ebshirojn\u00eb t\u00eb hapin biznes n\u00eb k\u00ebt\u00eb sektor t\u00eb p\u00ebrfitojn\u00eb prej kushteve pozitive ekzistuese, duke p\u00ebrfshir\u00eb k\u00ebtu mund\u00ebsi rrjet\u00ebzimi, shfryt\u00ebzimi t\u00eb pajisjeve, dhe treg gjithmon\u00eb t\u00eb interesuar p\u00ebr produkte dhe sh\u00ebrbime q\u00eb do t\u00eb ofrohen n\u00eb agro-biznes.<br \/>\n<img loading=\"lazy\" loading=\"lazy\" decoding=\"async\" src=\"https:\/\/radiostargjilan.com\/web\/wp-content\/uploads\/2021\/04\/739E95DD-6212-46EB-8083-418D51581EB5.jpeg\" alt=\"\" width=\"1242\" height=\"828\" class=\"aligncenter size-full wp-image-80465\" srcset=\"https:\/\/radiostargjilan.com\/web\/wp-content\/uploads\/2021\/04\/739E95DD-6212-46EB-8083-418D51581EB5.jpeg 1242w, https:\/\/radiostargjilan.com\/web\/wp-content\/uploads\/2021\/04\/739E95DD-6212-46EB-8083-418D51581EB5-300x200.jpeg 300w, https:\/\/radiostargjilan.com\/web\/wp-content\/uploads\/2021\/04\/739E95DD-6212-46EB-8083-418D51581EB5-1024x683.jpeg 1024w, https:\/\/radiostargjilan.com\/web\/wp-content\/uploads\/2021\/04\/739E95DD-6212-46EB-8083-418D51581EB5-768x512.jpeg 768w, https:\/\/radiostargjilan.com\/web\/wp-content\/uploads\/2021\/04\/739E95DD-6212-46EB-8083-418D51581EB5-600x400.jpeg 600w\" sizes=\"auto, (max-width: 1242px) 100vw, 1242px\" \/><\/p>\n<p><img loading=\"lazy\" loading=\"lazy\" decoding=\"async\" src=\"https:\/\/radiostargjilan.com\/web\/wp-content\/uploads\/2021\/04\/E24B63E5-5A65-4F64-A7A3-0DEDC615FF0E.jpeg\" alt=\"\" width=\"1242\" height=\"828\" class=\"aligncenter size-full wp-image-80466\" srcset=\"https:\/\/radiostargjilan.com\/web\/wp-content\/uploads\/2021\/04\/E24B63E5-5A65-4F64-A7A3-0DEDC615FF0E.jpeg 1242w, https:\/\/radiostargjilan.com\/web\/wp-content\/uploads\/2021\/04\/E24B63E5-5A65-4F64-A7A3-0DEDC615FF0E-300x200.jpeg 300w, https:\/\/radiostargjilan.com\/web\/wp-content\/uploads\/2021\/04\/E24B63E5-5A65-4F64-A7A3-0DEDC615FF0E-1024x683.jpeg 1024w, https:\/\/radiostargjilan.com\/web\/wp-content\/uploads\/2021\/04\/E24B63E5-5A65-4F64-A7A3-0DEDC615FF0E-768x512.jpeg 768w, https:\/\/radiostargjilan.com\/web\/wp-content\/uploads\/2021\/04\/E24B63E5-5A65-4F64-A7A3-0DEDC615FF0E-600x400.jpeg 600w\" sizes=\"auto, (max-width: 1242px) 100vw, 1242px\" \/><\/p>\n","protected":false},"excerpt":{"rendered":"<p>M\u00eb 22 prill 2021 \u00ebsht\u00eb hapur zyrtarisht inkubatori i agrobiznesit n\u00eb kuad\u00ebr t\u00eb shkoll\u00ebs s\u00eb mesme t\u00eb bujq\u00ebsis\u00eb Arb\u00ebria n\u00eb Gjilan. Inkubatori ka p\u00ebr q\u00ebllim p\u00ebrkrahjen e ideve start-up t\u00eb rinjve n\u00eb rajon, n\u00eb fush\u00ebn e agro-biznesit. Ai do t\u00eb ofron p\u00ebrkrahje t\u00eb shum\u00ebllojshme, duke filluar me hap\u00ebsira t\u00eb pun\u00ebs dhe pajisje, sh\u00ebrbime k\u00ebshillimi nga [&hellip;]<\/p>\n","protected":false},"author":1,"featured_media":80467,"comment_status":"closed","ping_status":"closed","sticky":false,"template":"","format":"standard","meta":{"footnotes":""},"categories":[5],"tags":[],"class_list":{"0":"post-80469","1":"post","2":"type-post","3":"status-publish","4":"format-standard","5":"has-post-thumbnail","7":"category-lajme"},"_links":{"self":[{"href":"https:\/\/radiostargjilan.com\/web\/wp-json\/wp\/v2\/posts\/80469","targetHints":{"allow":["GET"]}}],"collection":[{"href":"https:\/\/radiostargjilan.com\/web\/wp-json\/wp\/v2\/posts"}],"about":[{"href":"https:\/\/radiostargjilan.com\/web\/wp-json\/wp\/v2\/types\/post"}],"author":[{"embeddable":true,"href":"https:\/\/radiostargjilan.com\/web\/wp-json\/wp\/v2\/users\/1"}],"replies":[{"embeddable":true,"href":"https:\/\/radiostargjilan.com\/web\/wp-json\/wp\/v2\/comments?post=80469"}],"version-history":[{"count":0,"href":"https:\/\/radiostargjilan.com\/web\/wp-json\/wp\/v2\/posts\/80469\/revisions"}],"wp:featuredmedia":[{"embeddable":true,"href":"https:\/\/radiostargjilan.com\/web\/wp-json\/wp\/v2\/media\/80467"}],"wp:attachment":[{"href":"https:\/\/radiostargjilan.com\/web\/wp-json\/wp\/v2\/media?parent=80469"}],"wp:term":[{"taxonomy":"category","embeddable":true,"href":"https:\/\/radiostargjilan.com\/web\/wp-json\/wp\/v2\/categories?post=80469"},{"taxonomy":"post_tag","embeddable":true,"href":"https:\/\/radiostargjilan.com\/web\/wp-json\/wp\/v2\/tags?post=80469"}],"curies":[{"name":"wp","href":"https:\/\/api.w.org\/{rel}","templated":true}]}}