{"id":80544,"date":"2021-04-28T12:02:42","date_gmt":"2021-04-28T12:02:42","guid":{"rendered":"https:\/\/radiostargjilan.com\/web\/?p=80544"},"modified":"2021-04-28T12:02:42","modified_gmt":"2021-04-28T12:02:42","slug":"sbashk-u-kerkon-shtesat-e-marsit-dhe-rritjen-vjetore-te-pages-fal-pervojes","status":"publish","type":"post","link":"https:\/\/radiostargjilan.com\/web\/sbashk-u-kerkon-shtesat-e-marsit-dhe-rritjen-vjetore-te-pages-fal-pervojes\/","title":{"rendered":"SBASHK-u k\u00ebrkon shtesat e marsit dhe rritjen vjetore t\u00eb pag\u00ebs fal p\u00ebrvoj\u00ebs"},"content":{"rendered":"<p>Sindikata e Bashkuar e Arsimit dhe Shkenc\u00ebs e Kosov\u00ebs (SBASHK) i ka shkruar let\u00ebr publike ministrit t\u00eb Financave, Hekuran Murati, meq\u00eb sipas njoftimit, ai nuk u ka kthyer p\u00ebrgjigje n\u00eb lidhje me nj\u00eb takim.<\/p>\n<p>SBASHK-u p\u00ebrmes letr\u00ebs, i ka k\u00ebrkuar ministrit Murati q\u00eb n\u00eb pagat p\u00ebr muajin prill t\u00eb ekzekutohen edhe shtesat p\u00ebr muajin mars, si dhe t\u00eb llogaritet rritja nga p\u00ebrvoja vjetore.<\/p>\n<p>\u201cI nderuari minist\u00ebr, z. Murati, ashtu si\u00e7 iu kemi njoftuar edhe n\u00eb shkres\u00ebn e d\u00ebrguar m\u00eb 1 prill 2021 dhe 14 prill 2021, shtesat p\u00ebr pun\u00ebtor\u00ebt arsimor sipas vendimit t\u00eb Qeveris\u00eb nr. 08\/65 i dat\u00ebs 18.02.2021 \u2013 pika 8 e k\u00ebtij vendimi, i cili obligon Ministrin\u00eb e Financave, Pun\u00ebs e Transfereve (MFPT) p\u00ebr t\u2019i ekzekutuar, por nuk jan\u00eb realizuar p\u00ebr muajin mars e nj\u00ebkoh\u00ebsisht kemi k\u00ebrkuar q\u00eb me pagat e muajit prill t\u00eb ekzekutohen shtesat edhe p\u00ebr muajin mars, por nuk kemi marr\u00eb p\u00ebrgjigje e as p\u00ebrgjigje n\u00eb dy k\u00ebrkesat tona p\u00ebr takim me ju.<\/p>\n<p>I nderuar minist\u00ebr Murati, gjithashtu iu rikujtojm\u00eb se prilli \u00ebsht\u00eb muaji kur b\u00ebhet ngritja e p\u00ebrvoj\u00ebs s\u00eb pun\u00ebs p\u00ebr nj\u00eb vit dhe shpresojm\u00eb q\u00eb n\u00eb pagat e muajit prill kjo ngritje do t\u00eb pasqyrohet n\u00eb listat e pagave\u201d, thuhet n\u00eb letr\u00ebn e SBASHK-ut.<\/p>\n","protected":false},"excerpt":{"rendered":"<p>Sindikata e Bashkuar e Arsimit dhe Shkenc\u00ebs e Kosov\u00ebs (SBASHK) i ka shkruar let\u00ebr publike ministrit t\u00eb Financave, Hekuran Murati, meq\u00eb sipas njoftimit, ai nuk u ka kthyer p\u00ebrgjigje n\u00eb lidhje me nj\u00eb takim. SBASHK-u p\u00ebrmes letr\u00ebs, i ka k\u00ebrkuar ministrit Murati q\u00eb n\u00eb pagat p\u00ebr muajin prill t\u00eb ekzekutohen edhe shtesat p\u00ebr muajin mars, [&hellip;]<\/p>\n","protected":false},"author":1,"featured_media":80545,"comment_status":"closed","ping_status":"closed","sticky":false,"template":"","format":"standard","meta":{"footnotes":""},"categories":[5],"tags":[],"class_list":{"0":"post-80544","1":"post","2":"type-post","3":"status-publish","4":"format-standard","5":"has-post-thumbnail","7":"category-lajme"},"_links":{"self":[{"href":"https:\/\/radiostargjilan.com\/web\/wp-json\/wp\/v2\/posts\/80544","targetHints":{"allow":["GET"]}}],"collection":[{"href":"https:\/\/radiostargjilan.com\/web\/wp-json\/wp\/v2\/posts"}],"about":[{"href":"https:\/\/radiostargjilan.com\/web\/wp-json\/wp\/v2\/types\/post"}],"author":[{"embeddable":true,"href":"https:\/\/radiostargjilan.com\/web\/wp-json\/wp\/v2\/users\/1"}],"replies":[{"embeddable":true,"href":"https:\/\/radiostargjilan.com\/web\/wp-json\/wp\/v2\/comments?post=80544"}],"version-history":[{"count":0,"href":"https:\/\/radiostargjilan.com\/web\/wp-json\/wp\/v2\/posts\/80544\/revisions"}],"wp:featuredmedia":[{"embeddable":true,"href":"https:\/\/radiostargjilan.com\/web\/wp-json\/wp\/v2\/media\/80545"}],"wp:attachment":[{"href":"https:\/\/radiostargjilan.com\/web\/wp-json\/wp\/v2\/media?parent=80544"}],"wp:term":[{"taxonomy":"category","embeddable":true,"href":"https:\/\/radiostargjilan.com\/web\/wp-json\/wp\/v2\/categories?post=80544"},{"taxonomy":"post_tag","embeddable":true,"href":"https:\/\/radiostargjilan.com\/web\/wp-json\/wp\/v2\/tags?post=80544"}],"curies":[{"name":"wp","href":"https:\/\/api.w.org\/{rel}","templated":true}]}}