{"id":80547,"date":"2021-04-28T12:15:50","date_gmt":"2021-04-28T12:15:50","guid":{"rendered":"https:\/\/radiostargjilan.com\/web\/?p=80547"},"modified":"2021-04-28T12:15:50","modified_gmt":"2021-04-28T12:15:50","slug":"rrahje-ne-bresalc-te-gjilanit-dy-te-arrestuar","status":"publish","type":"post","link":"https:\/\/radiostargjilan.com\/web\/rrahje-ne-bresalc-te-gjilanit-dy-te-arrestuar\/","title":{"rendered":"Rrahje n\u00eb Bresalc t\u00eb Gjilanit, dy t\u00eb arrestuar"},"content":{"rendered":"<p>Me 26 prill 2021 , rreth or\u00ebs  20:00 Policia e Kosov\u00ebs (PK) n\u00eb Gjilan, \u00ebsht\u00eb njoftuar p\u00ebr nj\u00eb rast \u201cL\u00ebndim i leht\u00eb trupor \u201c , q\u00eb kishte ndodh\u00eb n\u00eb fshatin Bresalc.                  <\/p>\n<p>Nga hetimet e para n\u00eb vendin e ngjarjes m\u00ebsohet se tre persona kan\u00eb lajm\u00ebruar policin se ishin sulmuar fizikisht nga i dyshuari po ashtu shtetas i Kosov\u00ebs me banim n\u00eb k\u00ebt\u00eb fshat. T\u00eb dyshimtit jan\u00eb arrestuar.<\/p>\n<p>Gjat\u00eb intervistimit jan\u00eb gjete prova t\u00eb q\u00ebndrueshme se vet\u00eb raportuesi me dy personat e tjer\u00eb ishin iniciator te rrahjes, ku me k\u00ebt\u00eb raste kan\u00eb p\u00ebsuar l\u00ebndime te lehta trupore tre personat. Me urdh\u00ebr t\u00eb Prokurorit dy t\u00eb dyshimtit M.K.SH. (raportuesi dhe nj\u00eb tjet\u00ebr) jan\u00eb ndalur p\u00ebr 48 or\u00eb, nd\u00ebrsa dy t\u00eb tjer\u00ebt jan\u00eb liruar, n\u00eb procedur\u00eb t\u00eb rregullt.<\/p>\n","protected":false},"excerpt":{"rendered":"<p>Me 26 prill 2021 , rreth or\u00ebs 20:00 Policia e Kosov\u00ebs (PK) n\u00eb Gjilan, \u00ebsht\u00eb njoftuar p\u00ebr nj\u00eb rast \u201cL\u00ebndim i leht\u00eb trupor \u201c , q\u00eb kishte ndodh\u00eb n\u00eb fshatin Bresalc. Nga hetimet e para n\u00eb vendin e ngjarjes m\u00ebsohet se tre persona kan\u00eb lajm\u00ebruar policin se ishin sulmuar fizikisht nga i dyshuari po ashtu [&hellip;]<\/p>\n","protected":false},"author":1,"featured_media":80548,"comment_status":"closed","ping_status":"closed","sticky":false,"template":"","format":"standard","meta":{"footnotes":""},"categories":[5],"tags":[],"class_list":{"0":"post-80547","1":"post","2":"type-post","3":"status-publish","4":"format-standard","5":"has-post-thumbnail","7":"category-lajme"},"_links":{"self":[{"href":"https:\/\/radiostargjilan.com\/web\/wp-json\/wp\/v2\/posts\/80547","targetHints":{"allow":["GET"]}}],"collection":[{"href":"https:\/\/radiostargjilan.com\/web\/wp-json\/wp\/v2\/posts"}],"about":[{"href":"https:\/\/radiostargjilan.com\/web\/wp-json\/wp\/v2\/types\/post"}],"author":[{"embeddable":true,"href":"https:\/\/radiostargjilan.com\/web\/wp-json\/wp\/v2\/users\/1"}],"replies":[{"embeddable":true,"href":"https:\/\/radiostargjilan.com\/web\/wp-json\/wp\/v2\/comments?post=80547"}],"version-history":[{"count":0,"href":"https:\/\/radiostargjilan.com\/web\/wp-json\/wp\/v2\/posts\/80547\/revisions"}],"wp:featuredmedia":[{"embeddable":true,"href":"https:\/\/radiostargjilan.com\/web\/wp-json\/wp\/v2\/media\/80548"}],"wp:attachment":[{"href":"https:\/\/radiostargjilan.com\/web\/wp-json\/wp\/v2\/media?parent=80547"}],"wp:term":[{"taxonomy":"category","embeddable":true,"href":"https:\/\/radiostargjilan.com\/web\/wp-json\/wp\/v2\/categories?post=80547"},{"taxonomy":"post_tag","embeddable":true,"href":"https:\/\/radiostargjilan.com\/web\/wp-json\/wp\/v2\/tags?post=80547"}],"curies":[{"name":"wp","href":"https:\/\/api.w.org\/{rel}","templated":true}]}}