{"id":80563,"date":"2021-04-28T16:52:48","date_gmt":"2021-04-28T16:52:48","guid":{"rendered":"https:\/\/radiostargjilan.com\/web\/?p=80563"},"modified":"2021-04-29T00:10:37","modified_gmt":"2021-04-29T00:10:37","slug":"ekskluzive-presidenti-i-fc-drites-valon-murseli-po-terhiqet-nga-klubi","status":"publish","type":"post","link":"https:\/\/radiostargjilan.com\/web\/ekskluzive-presidenti-i-fc-drites-valon-murseli-po-terhiqet-nga-klubi\/","title":{"rendered":"Ekskluzive: Presidenti i Fc Drit\u00ebs, Valon Murseli, po t\u00ebrhiqet nga klubi"},"content":{"rendered":"<p>Presidenti i skuadr\u00ebs m\u00eb t\u00eb madhe n\u00eb Kosov\u00eb Fc Drita, po planifikon t\u00eb largohet nga klubi.<\/p>\n<p>Pas barazimit t\u00eb Drit\u00ebs ndaj Bes\u00ebs, ku ky rezultat nuk i shkon p\u00ebrshtati skudr\u00ebs gjilanase e cila nga vendi i par\u00eb zbret n\u00eb vendin e 3-t\u00eb, Radio Star merr vesh se Valon Murseli pas k\u00ebtyre rezultateve pritet t\u00eb largohet nga posti i presidentit t\u00eb klubit, dhe k\u00ebto z\u00ebra pritet t\u00eb  konfirmohen.<\/p>\n<p>Murseli s\u00eb shpejti pritet t\u00eb marr\u00eb k\u00ebt\u00eb vendim p\u00ebr ta liruar pozit\u00ebn e presidentit t\u00eb Drit\u00ebs, burimet e Radios Star m\u00ebsojn se deri tek ky vendim ka ardhur p\u00ebr shkak t\u00eb fyerjeve dhe ofendimeve ndaj tij dhe familj\u00ebs s\u00eb tij nga tifoz\u00ebt dhe disa individ\u00eb t\u00eb tjer\u00eb.<\/p>\n<p>Me ardhjen e Murselit dhe Bunjakut n\u00eb krye t\u00eb Fc Drit\u00ebs, skuadra gjilanase u shpall\u00eb dy her\u00eb kampion i Kosov\u00ebs si dhe ka ka fituar Superkup\u00ebn e Kosov\u00ebs, pas k\u00ebtyre trofeve skuadra e Drit\u00ebs kishte arritur suksese  t\u00eb m\u00ebdha edhe n\u00eb aren\u00ebn nd\u00ebrkomb\u00ebtare.\/radiostar\/<\/p>\n","protected":false},"excerpt":{"rendered":"<p>Presidenti i skuadr\u00ebs m\u00eb t\u00eb madhe n\u00eb Kosov\u00eb Fc Drita, po planifikon t\u00eb largohet nga klubi. Pas barazimit t\u00eb Drit\u00ebs ndaj Bes\u00ebs, ku ky rezultat nuk i shkon p\u00ebrshtati skudr\u00ebs gjilanase e cila nga vendi i par\u00eb zbret n\u00eb vendin e 3-t\u00eb, Radio Star merr vesh se Valon Murseli pas k\u00ebtyre rezultateve pritet t\u00eb largohet [&hellip;]<\/p>\n","protected":false},"author":1,"featured_media":80346,"comment_status":"closed","ping_status":"closed","sticky":false,"template":"","format":"standard","meta":{"footnotes":""},"categories":[5],"tags":[],"class_list":{"0":"post-80563","1":"post","2":"type-post","3":"status-publish","4":"format-standard","5":"has-post-thumbnail","7":"category-lajme"},"_links":{"self":[{"href":"https:\/\/radiostargjilan.com\/web\/wp-json\/wp\/v2\/posts\/80563","targetHints":{"allow":["GET"]}}],"collection":[{"href":"https:\/\/radiostargjilan.com\/web\/wp-json\/wp\/v2\/posts"}],"about":[{"href":"https:\/\/radiostargjilan.com\/web\/wp-json\/wp\/v2\/types\/post"}],"author":[{"embeddable":true,"href":"https:\/\/radiostargjilan.com\/web\/wp-json\/wp\/v2\/users\/1"}],"replies":[{"embeddable":true,"href":"https:\/\/radiostargjilan.com\/web\/wp-json\/wp\/v2\/comments?post=80563"}],"version-history":[{"count":0,"href":"https:\/\/radiostargjilan.com\/web\/wp-json\/wp\/v2\/posts\/80563\/revisions"}],"wp:featuredmedia":[{"embeddable":true,"href":"https:\/\/radiostargjilan.com\/web\/wp-json\/wp\/v2\/media\/80346"}],"wp:attachment":[{"href":"https:\/\/radiostargjilan.com\/web\/wp-json\/wp\/v2\/media?parent=80563"}],"wp:term":[{"taxonomy":"category","embeddable":true,"href":"https:\/\/radiostargjilan.com\/web\/wp-json\/wp\/v2\/categories?post=80563"},{"taxonomy":"post_tag","embeddable":true,"href":"https:\/\/radiostargjilan.com\/web\/wp-json\/wp\/v2\/tags?post=80563"}],"curies":[{"name":"wp","href":"https:\/\/api.w.org\/{rel}","templated":true}]}}