{"id":80639,"date":"2021-04-30T06:59:09","date_gmt":"2021-04-30T06:59:09","guid":{"rendered":"https:\/\/radiostargjilan.com\/web\/?p=80639"},"modified":"2021-04-30T06:59:09","modified_gmt":"2021-04-30T06:59:09","slug":"haziri-gjilani-ka-ditur-qe-dallimet-politike-ti-shkrije-kur-ka-qene-interesi-madhor","status":"publish","type":"post","link":"https:\/\/radiostargjilan.com\/web\/haziri-gjilani-ka-ditur-qe-dallimet-politike-ti-shkrije-kur-ka-qene-interesi-madhor\/","title":{"rendered":"Haziri: Gjilani ka ditur q\u00eb dallimet politike t\u2019i shkrij\u00eb kur ka qen\u00eb interesi madhor"},"content":{"rendered":"<p>Kuvendi komunal i Gjilanit dje i dha p\u00ebrkrahje t\u00eb plot\u00eb k\u00ebrkes\u00ebs s\u00eb k\u00ebshilltarit komunal, Burim Berisha (LDK), t\u00eb cil\u00ebn e kishte ngritur si nism\u00eb edhe k\u00ebshilltari Nehat Osmani (VV) p\u00ebr miratimin e nj\u00eb pakoje t\u00eb ndihm\u00ebs p\u00ebr bizneset, duke e marr\u00eb parasysh gjendjen e r\u00ebnduar ekonomike n\u00eb gjith\u00eb Kosov\u00ebn.<\/p>\n<p>K\u00ebt\u00eb nism\u00eb e ka p\u00ebrkrahur edhe i pari i Gjilanit, Lutfi Haziri, i cili p\u00ebrmes nj\u00eb statusi n\u00eb facebook, i ka falenderuar kuvendar\u00ebt, t\u00eb cil\u00ebt n\u00eb form\u00eb unanime, pozit\u00eb-opozit\u00eb, miratuan pakon e masave leht\u00ebsuese p\u00ebr bizneset.<\/p>\n<p>Postimi i plot\u00eb:<\/p>\n<p>N\u00eb Gjilan situata \u00ebsht\u00eb pak m\u00eb ndryshe. Dallimet politike kemi ditur gjithmon\u00eb t\u2019i shkrijm\u00eb kur ka qen\u00eb interesi madhor. I fal\u00ebnderoj kuvendar\u00ebt, t\u00eb cil\u00ebt n\u00eb form\u00eb unanime, pozit\u00eb-opozit\u00eb, miratuan pakon e masave leht\u00ebsuese p\u00ebr bizneset, pas gjendjes s\u00eb r\u00ebnduar si pasoj\u00eb e pandemis\u00eb #COVID19. <\/p>\n<p>Pakoja ka t\u00eb b\u00ebj\u00eb me lirimin nga pagesa p\u00ebr k\u00ebt\u00eb vit t\u00eb t\u00eb gjitha bizneseve q\u00eb kan\u00eb n\u00eb shfryt\u00ebzim hap\u00ebsira komunale dhe q\u00eb i p\u00ebrdorin ato p\u00ebr nevoja biznesore, lirimin nga pagesa p\u00ebr pranim teknik t\u00eb lokalit p\u00ebr bizneset e reja si dhe lirimin nga pagesa e qiras\u00eb mujore p\u00ebr vitin 2021 t\u00eb bizneseve q\u00eb shfryt\u00ebzojn\u00eb lokale n\u00eb pron\u00ebsi komunale, p\u00ebrfshir\u00eb edhe banesat.<\/p>\n","protected":false},"excerpt":{"rendered":"<p>Kuvendi komunal i Gjilanit dje i dha p\u00ebrkrahje t\u00eb plot\u00eb k\u00ebrkes\u00ebs s\u00eb k\u00ebshilltarit komunal, Burim Berisha (LDK), t\u00eb cil\u00ebn e kishte ngritur si nism\u00eb edhe k\u00ebshilltari Nehat Osmani (VV) p\u00ebr miratimin e nj\u00eb pakoje t\u00eb ndihm\u00ebs p\u00ebr bizneset, duke e marr\u00eb parasysh gjendjen e r\u00ebnduar ekonomike n\u00eb gjith\u00eb Kosov\u00ebn. K\u00ebt\u00eb nism\u00eb e ka p\u00ebrkrahur edhe [&hellip;]<\/p>\n","protected":false},"author":1,"featured_media":80640,"comment_status":"closed","ping_status":"closed","sticky":false,"template":"","format":"standard","meta":{"footnotes":""},"categories":[5],"tags":[],"class_list":{"0":"post-80639","1":"post","2":"type-post","3":"status-publish","4":"format-standard","5":"has-post-thumbnail","7":"category-lajme"},"_links":{"self":[{"href":"https:\/\/radiostargjilan.com\/web\/wp-json\/wp\/v2\/posts\/80639","targetHints":{"allow":["GET"]}}],"collection":[{"href":"https:\/\/radiostargjilan.com\/web\/wp-json\/wp\/v2\/posts"}],"about":[{"href":"https:\/\/radiostargjilan.com\/web\/wp-json\/wp\/v2\/types\/post"}],"author":[{"embeddable":true,"href":"https:\/\/radiostargjilan.com\/web\/wp-json\/wp\/v2\/users\/1"}],"replies":[{"embeddable":true,"href":"https:\/\/radiostargjilan.com\/web\/wp-json\/wp\/v2\/comments?post=80639"}],"version-history":[{"count":0,"href":"https:\/\/radiostargjilan.com\/web\/wp-json\/wp\/v2\/posts\/80639\/revisions"}],"wp:featuredmedia":[{"embeddable":true,"href":"https:\/\/radiostargjilan.com\/web\/wp-json\/wp\/v2\/media\/80640"}],"wp:attachment":[{"href":"https:\/\/radiostargjilan.com\/web\/wp-json\/wp\/v2\/media?parent=80639"}],"wp:term":[{"taxonomy":"category","embeddable":true,"href":"https:\/\/radiostargjilan.com\/web\/wp-json\/wp\/v2\/categories?post=80639"},{"taxonomy":"post_tag","embeddable":true,"href":"https:\/\/radiostargjilan.com\/web\/wp-json\/wp\/v2\/tags?post=80639"}],"curies":[{"name":"wp","href":"https:\/\/api.w.org\/{rel}","templated":true}]}}