{"id":80642,"date":"2021-04-30T07:08:08","date_gmt":"2021-04-30T07:08:08","guid":{"rendered":"https:\/\/radiostargjilan.com\/web\/?p=80642"},"modified":"2021-04-30T07:08:08","modified_gmt":"2021-04-30T07:08:08","slug":"u-befasua-edhe-kadri-veseli-ish-deputeti-i-pdk-se-flet-pas-ndryshimit-drastik-ne-pamje","status":"publish","type":"post","link":"https:\/\/radiostargjilan.com\/web\/u-befasua-edhe-kadri-veseli-ish-deputeti-i-pdk-se-flet-pas-ndryshimit-drastik-ne-pamje\/","title":{"rendered":"\u201cU befasua edhe Kadri Veseli\u201d, ish-deputeti i PDK-s\u00eb flet pas ndryshimit drastik n\u00eb pamje"},"content":{"rendered":"<p>Gjat\u00eb dit\u00ebve t\u00eb fundit ish-deputeti i PDK-s\u00eb, Shukri Buja \u00ebsht\u00eb komentuar shum\u00eb p\u00ebr ndryshimin drastik n\u00eb pamje.<\/p>\n<p>Buja n\u00eb nj\u00eb intervist\u00eb p\u00ebr emisionin e m\u00ebngjesit n\u00eb T7, #Gjesi ka folur p\u00ebr k\u00ebt\u00eb ndryshim.Ai tha se qe 35 vite ushtron fitnes, po ashtu \u00e7do mbramje e preferon t\u00eb vrapoj\u00eb.Nd\u00ebrkaq, kur u pyet se a po e njohin njer\u00ebzit kur po e takojn\u00eb, ai u p\u00ebrgjigj:\u201cShum\u00eb me v\u00ebsht\u00ebrsi. Vec nga af\u00ebr. Nd\u00ebrkaq nj\u00eb pjes\u00eb e ish-udh\u00ebheq\u00ebsve, kur kam qen\u00eb n\u00eb seli as nuk m\u00eb kan\u00eb p\u00ebrsh\u00ebndet se nuk e kan\u00eb dit\u00eb as q\u00eb jam. Jan\u00eb befasu t\u00eb gjith\u00eb e sidomos shefi i partis\u00eb, Kadri Veseli. Tha mos e ndryshoni pamjen se ma bukur po dukeni k\u00ebshtu\u201d, ka th\u00ebn\u00eb Buja.<\/p>\n","protected":false},"excerpt":{"rendered":"<p>Gjat\u00eb dit\u00ebve t\u00eb fundit ish-deputeti i PDK-s\u00eb, Shukri Buja \u00ebsht\u00eb komentuar shum\u00eb p\u00ebr ndryshimin drastik n\u00eb pamje. Buja n\u00eb nj\u00eb intervist\u00eb p\u00ebr emisionin e m\u00ebngjesit n\u00eb T7, #Gjesi ka folur p\u00ebr k\u00ebt\u00eb ndryshim.Ai tha se qe 35 vite ushtron fitnes, po ashtu \u00e7do mbramje e preferon t\u00eb vrapoj\u00eb.Nd\u00ebrkaq, kur u pyet se a po e [&hellip;]<\/p>\n","protected":false},"author":1,"featured_media":80643,"comment_status":"closed","ping_status":"closed","sticky":false,"template":"","format":"standard","meta":{"footnotes":""},"categories":[5],"tags":[],"class_list":{"0":"post-80642","1":"post","2":"type-post","3":"status-publish","4":"format-standard","5":"has-post-thumbnail","7":"category-lajme"},"_links":{"self":[{"href":"https:\/\/radiostargjilan.com\/web\/wp-json\/wp\/v2\/posts\/80642","targetHints":{"allow":["GET"]}}],"collection":[{"href":"https:\/\/radiostargjilan.com\/web\/wp-json\/wp\/v2\/posts"}],"about":[{"href":"https:\/\/radiostargjilan.com\/web\/wp-json\/wp\/v2\/types\/post"}],"author":[{"embeddable":true,"href":"https:\/\/radiostargjilan.com\/web\/wp-json\/wp\/v2\/users\/1"}],"replies":[{"embeddable":true,"href":"https:\/\/radiostargjilan.com\/web\/wp-json\/wp\/v2\/comments?post=80642"}],"version-history":[{"count":0,"href":"https:\/\/radiostargjilan.com\/web\/wp-json\/wp\/v2\/posts\/80642\/revisions"}],"wp:featuredmedia":[{"embeddable":true,"href":"https:\/\/radiostargjilan.com\/web\/wp-json\/wp\/v2\/media\/80643"}],"wp:attachment":[{"href":"https:\/\/radiostargjilan.com\/web\/wp-json\/wp\/v2\/media?parent=80642"}],"wp:term":[{"taxonomy":"category","embeddable":true,"href":"https:\/\/radiostargjilan.com\/web\/wp-json\/wp\/v2\/categories?post=80642"},{"taxonomy":"post_tag","embeddable":true,"href":"https:\/\/radiostargjilan.com\/web\/wp-json\/wp\/v2\/tags?post=80642"}],"curies":[{"name":"wp","href":"https:\/\/api.w.org\/{rel}","templated":true}]}}