{"id":80847,"date":"2021-05-03T06:43:44","date_gmt":"2021-05-03T06:43:44","guid":{"rendered":"https:\/\/radiostargjilan.com\/web\/?p=80847"},"modified":"2021-05-03T06:43:44","modified_gmt":"2021-05-03T06:43:44","slug":"ne-qeverinrama-3-me-prioritet-do-te-duhej-te-emerohen-ministra-qe-vijn-nga-cameria-lugina-e-ulqini","status":"publish","type":"post","link":"https:\/\/radiostargjilan.com\/web\/ne-qeverinrama-3-me-prioritet-do-te-duhej-te-emerohen-ministra-qe-vijn-nga-cameria-lugina-e-ulqini\/","title":{"rendered":"N\u00eb Qeverin,,Rama 3\u201d, me prioritet  do t\u00eb duhej t\u00eb em\u00ebrohen ministra q\u00eb vijn nga \u00c7am\u00ebria, Lugina e Ulqini"},"content":{"rendered":"<p>Shkruan:Refik Hasani<\/p>\n<p>Rezultatet e zgjedhjeve t\u00eb 25 prillit t\u00eb muajit t\u00eb kaluar pasi nxorri Partin Socialiste t\u00eb Shqip\u00ebris\u00eb fitues, e q\u00eb kryetar i saj \u00ebsht\u00eb Edi Rama dhe cili sigurisht do t\u00eb formon kabinetin Qeveritar ,,Rama 3\u201d. Mjaft\u00eb \u00ebsht\u00eb shkruar dhe \u00ebsht\u00eb lakuar emri ish-Ambasadores s\u00eb Kosov\u00ebs n\u00eb Amerik\u00eb, zonj\u00ebs Vlora \u00c7itaku, p\u00ebr Ministre n\u00eb qeverin ,,Rama 3\u2019\u2019. N\u00eb kabinetin Qeveritar ,,Rama 3\u201d, m\u00eb par\u00eb dhe me prioritet do t\u00eb duhej t\u00eb jen pjes\u00eb e k\u00ebtij kabineti figura e personalitete q\u00eb vijn,nga si:<\/p>\n<p>&#8211; Shqiptar\u00ebt nga \u00c7am\u00ebria dhe Greqia,<br \/>\n&#8211; Shqiptar\u00ebt nga krahina shqiptare e mbetur padrejt\u00ebsisht n\u00ebn adminstrimin e Serbis\u00eb,<br \/>\n &#8211; Shqiptar\u00ebt nga Mali i Zi,<br \/>\n &#8211; Shqiptar\u00ebt nga Maqedonia Veriore,por duke mos harruar asnj\u00ebher\u00eb ,<br \/>\n&#8211; Shqiptar\u00ebt nga diaspora, e ve\u00e7mas nga Evopa dhe Amerika.<\/p>\n<p>Shqiptar\u00ebt q\u00eb po asimilohen, por diskriminohen e po d\u00ebbohen nga k\u00ebto hapsira do t\u00eb duhej t\u00eb p\u00ebrfaq\u00ebsohen dhe t\u00eb jen pjes\u00eb e kabinetit Qeveritar ,,Rama 3\u201d.<br \/>\nDy Parlamentet, dy Qeverit dhe dy Presidencat do t\u00eb duhej nd\u00ebrruar form\u00ebn e diskursit p\u00ebr bashk\u00ebpuinim t\u00eb p\u00ebrbashk\u00ebt. Dhe em\u00ebrimi i nj\u00eb figure, apo sikur t\u00eb jet\u00eb edhe personalitet i kultur\u00ebs, shkenc\u00ebs, artit etj, nuk do t\u00eb ndihmon frym\u00ebn e bashk\u00ebpunimit q\u00eb ka munguar dhe q\u00eb nuk \u00ebsht\u00eb kultivuar.<\/p>\n<p>Em\u00ebrimi i ndonj\u00eb ish-ministri nga qeveria e Kosov\u00ebs, apo ndonj\u00eb em\u00ebr tjet\u00ebr, sikur t\u00eb em\u00ebrohet edhe ish-Kryeministri i Kosov\u00ebs Avdullah Hoti, apo edhe ish-Kryeministri i Kosov\u00ebs Ramush Haradinaj, q\u00eb \u00ebsht\u00eb edhe Kryetar i AAK-\u00ebs, nuk do t\u00eb ndikonte, nuk do t\u00eb pasuronte kabinetin Qeveritar ,,Rama 3\u201d.<\/p>\n<p>N\u00eb kabinetin Qeveritar ,,Rama 1\u201d dhe kabinetin Qeveritar ,,Rama 2\u201d dhe nga Republika e Kosov\u00ebs ishin n\u00eb cil\u00ebsin e k\u00ebshilltar\u00ebve politik Shk\u00eblzen Maliqi dhe Baton Haxhiu, por q\u00eb nuk ka prodhur di\u00e7ka p\u00ebrveq\u00eb arsyetimeve e p\u00ebrpjekjeve t\u00eb d\u00ebshtuara p\u00ebr ndarje t\u00eb Kosov\u00ebs.<\/p>\n<p>Dihet mir\u00ebfilli jan mbajtur takime t\u00eb p\u00ebrbashk\u00ebta t\u00eb qeveris\u00eb s\u00eb Kosov\u00ebs dhe Qeveris\u00eb s\u00eb Shqip\u00ebris\u00eb dhe nuk kan prodhur ndonj\u00eb rezultat, k\u00ebsaj \u00e7\u00ebshtje t\u2019i kushtoj v\u00ebmendje Qeveria ,,Rama 3\u2019\u2019. Qeveria ,,Rama 3\u2019\u2019, do t\u00eb duhej fokusuar n\u00eb mbrojtje, t\u00eb drejtave individuale dhe kolektive t\u00eb shqiptar\u00ebve n\u00eb Greqi, Serbi, Mali i Zi, Maqedonia Veriore,diaspor\u00ebn q\u00eb tani sikur \u00ebsht\u00eb harruar nga dy qeverit e kaluara.<\/p>\n","protected":false},"excerpt":{"rendered":"<p>Shkruan:Refik Hasani Rezultatet e zgjedhjeve t\u00eb 25 prillit t\u00eb muajit t\u00eb kaluar pasi nxorri Partin Socialiste t\u00eb Shqip\u00ebris\u00eb fitues, e q\u00eb kryetar i saj \u00ebsht\u00eb Edi Rama dhe cili sigurisht do t\u00eb formon kabinetin Qeveritar ,,Rama 3\u201d. Mjaft\u00eb \u00ebsht\u00eb shkruar dhe \u00ebsht\u00eb lakuar emri ish-Ambasadores s\u00eb Kosov\u00ebs n\u00eb Amerik\u00eb, zonj\u00ebs Vlora \u00c7itaku, p\u00ebr Ministre n\u00eb [&hellip;]<\/p>\n","protected":false},"author":1,"featured_media":80848,"comment_status":"closed","ping_status":"closed","sticky":false,"template":"","format":"standard","meta":{"footnotes":""},"categories":[5],"tags":[],"class_list":{"0":"post-80847","1":"post","2":"type-post","3":"status-publish","4":"format-standard","5":"has-post-thumbnail","7":"category-lajme"},"_links":{"self":[{"href":"https:\/\/radiostargjilan.com\/web\/wp-json\/wp\/v2\/posts\/80847","targetHints":{"allow":["GET"]}}],"collection":[{"href":"https:\/\/radiostargjilan.com\/web\/wp-json\/wp\/v2\/posts"}],"about":[{"href":"https:\/\/radiostargjilan.com\/web\/wp-json\/wp\/v2\/types\/post"}],"author":[{"embeddable":true,"href":"https:\/\/radiostargjilan.com\/web\/wp-json\/wp\/v2\/users\/1"}],"replies":[{"embeddable":true,"href":"https:\/\/radiostargjilan.com\/web\/wp-json\/wp\/v2\/comments?post=80847"}],"version-history":[{"count":0,"href":"https:\/\/radiostargjilan.com\/web\/wp-json\/wp\/v2\/posts\/80847\/revisions"}],"wp:featuredmedia":[{"embeddable":true,"href":"https:\/\/radiostargjilan.com\/web\/wp-json\/wp\/v2\/media\/80848"}],"wp:attachment":[{"href":"https:\/\/radiostargjilan.com\/web\/wp-json\/wp\/v2\/media?parent=80847"}],"wp:term":[{"taxonomy":"category","embeddable":true,"href":"https:\/\/radiostargjilan.com\/web\/wp-json\/wp\/v2\/categories?post=80847"},{"taxonomy":"post_tag","embeddable":true,"href":"https:\/\/radiostargjilan.com\/web\/wp-json\/wp\/v2\/tags?post=80847"}],"curies":[{"name":"wp","href":"https:\/\/api.w.org\/{rel}","templated":true}]}}