{"id":81284,"date":"2021-05-08T20:13:13","date_gmt":"2021-05-08T20:13:13","guid":{"rendered":"https:\/\/radiostargjilan.com\/web\/?p=81284"},"modified":"2021-05-08T20:13:13","modified_gmt":"2021-05-08T20:13:13","slug":"haziri-ngushellon-familjen-haliti-pas-vdekjes-tragjike-te-tre-anetareve-te-familjes-ne-shqiperi","status":"publish","type":"post","link":"https:\/\/radiostargjilan.com\/web\/haziri-ngushellon-familjen-haliti-pas-vdekjes-tragjike-te-tre-anetareve-te-familjes-ne-shqiperi\/","title":{"rendered":"Haziri ngush\u00ebllon familjen Haliti pas vdekjes tragjike t\u00eb tre an\u00ebtar\u00ebve t\u00eb familjes n\u00eb Shqip\u00ebri"},"content":{"rendered":"<p>Kryetari i Komun\u00ebs s\u00eb Gjilanit, Lutfi Haziri, ka i ka d\u00ebrguar nj\u00eb telegram ngush\u00ebllimi familje Haliti pas humbjes tragjike t\u00eb tre an\u00ebtar\u00ebve n\u00eb Shqip\u00ebri.<\/p>\n<p>\u201cE nderuar familje Haliti, <\/p>\n<p>Me trishtim e mora lajmin p\u00ebr ndarjen nga jeta n\u00eb m\u00ebnyr\u00eb tragjike t\u00eb tre an\u00ebtar\u00ebve t\u00eb familjes suaj, n\u00eb Shqip\u00ebri, Elfete, Afrim e Ferzinaze Haliti.<\/p>\n<p>Kjo tragjedi na ka tronditur t\u00eb gjith\u00ebve dhe apeli im \u00ebsht\u00eb q\u00eb t\u00eb ndri\u00e7ohet rasti sa m\u00eb par\u00eb nga autoritetet e Republik\u00ebs s\u00eb Shqip\u00ebris\u00eb.<\/p>\n<p>Familje e dashur Haliti, ju lus q\u00eb t\u00eb b\u00ebheni t\u00eb fort\u00eb p\u00ebr ta p\u00ebrballuar k\u00ebt\u00eb tragjedi q\u00eb na tronditi t\u00eb gjith\u00eb. Zoti ua leht\u00ebsoft\u00eb dhembjen!\u201d, thuhet n\u00eb telergram.<\/p>\n","protected":false},"excerpt":{"rendered":"<p>Kryetari i Komun\u00ebs s\u00eb Gjilanit, Lutfi Haziri, ka i ka d\u00ebrguar nj\u00eb telegram ngush\u00ebllimi familje Haliti pas humbjes tragjike t\u00eb tre an\u00ebtar\u00ebve n\u00eb Shqip\u00ebri. \u201cE nderuar familje Haliti, Me trishtim e mora lajmin p\u00ebr ndarjen nga jeta n\u00eb m\u00ebnyr\u00eb tragjike t\u00eb tre an\u00ebtar\u00ebve t\u00eb familjes suaj, n\u00eb Shqip\u00ebri, Elfete, Afrim e Ferzinaze Haliti. Kjo tragjedi [&hellip;]<\/p>\n","protected":false},"author":1,"featured_media":81285,"comment_status":"closed","ping_status":"closed","sticky":false,"template":"","format":"standard","meta":{"footnotes":""},"categories":[5],"tags":[],"class_list":{"0":"post-81284","1":"post","2":"type-post","3":"status-publish","4":"format-standard","5":"has-post-thumbnail","7":"category-lajme"},"_links":{"self":[{"href":"https:\/\/radiostargjilan.com\/web\/wp-json\/wp\/v2\/posts\/81284","targetHints":{"allow":["GET"]}}],"collection":[{"href":"https:\/\/radiostargjilan.com\/web\/wp-json\/wp\/v2\/posts"}],"about":[{"href":"https:\/\/radiostargjilan.com\/web\/wp-json\/wp\/v2\/types\/post"}],"author":[{"embeddable":true,"href":"https:\/\/radiostargjilan.com\/web\/wp-json\/wp\/v2\/users\/1"}],"replies":[{"embeddable":true,"href":"https:\/\/radiostargjilan.com\/web\/wp-json\/wp\/v2\/comments?post=81284"}],"version-history":[{"count":0,"href":"https:\/\/radiostargjilan.com\/web\/wp-json\/wp\/v2\/posts\/81284\/revisions"}],"wp:featuredmedia":[{"embeddable":true,"href":"https:\/\/radiostargjilan.com\/web\/wp-json\/wp\/v2\/media\/81285"}],"wp:attachment":[{"href":"https:\/\/radiostargjilan.com\/web\/wp-json\/wp\/v2\/media?parent=81284"}],"wp:term":[{"taxonomy":"category","embeddable":true,"href":"https:\/\/radiostargjilan.com\/web\/wp-json\/wp\/v2\/categories?post=81284"},{"taxonomy":"post_tag","embeddable":true,"href":"https:\/\/radiostargjilan.com\/web\/wp-json\/wp\/v2\/tags?post=81284"}],"curies":[{"name":"wp","href":"https:\/\/api.w.org\/{rel}","templated":true}]}}