{"id":81337,"date":"2021-05-09T15:28:27","date_gmt":"2021-05-09T15:28:27","guid":{"rendered":"https:\/\/radiostargjilan.com\/web\/?p=81337"},"modified":"2021-05-09T15:28:27","modified_gmt":"2021-05-09T15:28:27","slug":"nuhiu-titulli-i-veshtire-por-duhet-luftojme-per-te-marre-maksimumin-e-mbetur","status":"publish","type":"post","link":"https:\/\/radiostargjilan.com\/web\/nuhiu-titulli-i-veshtire-por-duhet-luftojme-per-te-marre-maksimumin-e-mbetur\/","title":{"rendered":"Nuhiu: Titulli i v\u00ebshtir\u00eb, por duhet luftojm\u00eb p\u00ebr t\u00eb marr\u00eb maksimumin e mbetur!"},"content":{"rendered":"<p>Trajneri i Drit\u00ebs, Ardian Nuihu \u00ebsht\u00eb shprehur i k\u00ebnaqur me angazhimin e futbollist\u00ebve t\u00eb tij n\u00eb barazimin 1:1 ndaj Ballkanit.<\/p>\n<p>P\u00ebrkund\u00ebr barazimit trajneri nga Shkupi shpreson q\u00eb skuadra t\u2019i fitoj\u00eb ndeshjet e mbetura p\u00ebr t\u00eb par\u00eb fundin e kampionatit.<\/p>\n<p>\u201cLojtar\u00ebt jan\u00eb angazhuar kemi pasur pun\u00eb me nj\u00eb kund\u00ebrshtar\u00ebt t\u00eb fort sic \u00ebsht\u00eb Ballkani. Epiologu real i k\u00ebsaj ndeshje ishte barazimi pasi kemi pasur raste t\u00eb dyja ekipet mund\u00ebsi ta fitonin ndeshjen\u201d.<\/p>\n<p>\u201cE kemi p\u00ebrgatitur ekipin p\u00ebr ta fituar ndeshjen por e kemi ditur edhe cil\u00ebsit t\u00eb cilat i ka Ballkani. Kemi pasur disa raste t\u00eb cilat po t\u00eb ishim m\u00eb t\u00eb kujdessh\u00ebm mund t\u00eb realizonim. Ka qen\u00eb nj\u00eb kampionat shum\u00eb i fort dhe t\u00eb luftuar nga tri skuadrat q\u00eb k\u00ebrkonin titullin. Duhet t\u00eb p\u00ebrgatitemi p\u00ebr t\u00eb fituar kemi ngecur me pik\u00eb dhe nuk kemi ndeshje p\u00ebr t\u00eb rikuperuar dhe do t\u00eb japim maksimumin\u201d, deklaroi Nuhiu.<\/p>\n<p>N\u00eb xhiron e radh\u00ebs Drita luan n\u00eb udh\u00ebtim te Drenica, nd\u00ebrkoh\u00eb xhiron e fundit e pret Arb\u00ebrin\u00eb.<\/p>\n","protected":false},"excerpt":{"rendered":"<p>Trajneri i Drit\u00ebs, Ardian Nuihu \u00ebsht\u00eb shprehur i k\u00ebnaqur me angazhimin e futbollist\u00ebve t\u00eb tij n\u00eb barazimin 1:1 ndaj Ballkanit. P\u00ebrkund\u00ebr barazimit trajneri nga Shkupi shpreson q\u00eb skuadra t\u2019i fitoj\u00eb ndeshjet e mbetura p\u00ebr t\u00eb par\u00eb fundin e kampionatit. \u201cLojtar\u00ebt jan\u00eb angazhuar kemi pasur pun\u00eb me nj\u00eb kund\u00ebrshtar\u00ebt t\u00eb fort sic \u00ebsht\u00eb Ballkani. Epiologu real [&hellip;]<\/p>\n","protected":false},"author":1,"featured_media":81338,"comment_status":"closed","ping_status":"closed","sticky":false,"template":"","format":"standard","meta":{"footnotes":""},"categories":[5],"tags":[],"class_list":{"0":"post-81337","1":"post","2":"type-post","3":"status-publish","4":"format-standard","5":"has-post-thumbnail","7":"category-lajme"},"_links":{"self":[{"href":"https:\/\/radiostargjilan.com\/web\/wp-json\/wp\/v2\/posts\/81337","targetHints":{"allow":["GET"]}}],"collection":[{"href":"https:\/\/radiostargjilan.com\/web\/wp-json\/wp\/v2\/posts"}],"about":[{"href":"https:\/\/radiostargjilan.com\/web\/wp-json\/wp\/v2\/types\/post"}],"author":[{"embeddable":true,"href":"https:\/\/radiostargjilan.com\/web\/wp-json\/wp\/v2\/users\/1"}],"replies":[{"embeddable":true,"href":"https:\/\/radiostargjilan.com\/web\/wp-json\/wp\/v2\/comments?post=81337"}],"version-history":[{"count":0,"href":"https:\/\/radiostargjilan.com\/web\/wp-json\/wp\/v2\/posts\/81337\/revisions"}],"wp:featuredmedia":[{"embeddable":true,"href":"https:\/\/radiostargjilan.com\/web\/wp-json\/wp\/v2\/media\/81338"}],"wp:attachment":[{"href":"https:\/\/radiostargjilan.com\/web\/wp-json\/wp\/v2\/media?parent=81337"}],"wp:term":[{"taxonomy":"category","embeddable":true,"href":"https:\/\/radiostargjilan.com\/web\/wp-json\/wp\/v2\/categories?post=81337"},{"taxonomy":"post_tag","embeddable":true,"href":"https:\/\/radiostargjilan.com\/web\/wp-json\/wp\/v2\/tags?post=81337"}],"curies":[{"name":"wp","href":"https:\/\/api.w.org\/{rel}","templated":true}]}}