{"id":81695,"date":"2021-05-14T11:13:07","date_gmt":"2021-05-14T11:13:07","guid":{"rendered":"https:\/\/radiostargjilan.com\/web\/?p=81695"},"modified":"2021-05-14T11:13:07","modified_gmt":"2021-05-14T11:13:07","slug":"ismaili-vitia-po-rrezikon-shendetin-e-qytetareve","status":"publish","type":"post","link":"https:\/\/radiostargjilan.com\/web\/ismaili-vitia-po-rrezikon-shendetin-e-qytetareve\/","title":{"rendered":"Ismaili: Vitia po rrezikon sh\u00ebndetin e qytetar\u00ebve"},"content":{"rendered":"<p>Deputeti i Partis\u00eb Demokratike t\u00eb Kosov\u00ebs, Uran Ismaili ka th\u00ebn\u00eb se nga salla \u201c1 Tetori\u201d, ku po b\u00ebhet vaksinimi i qytetar\u00ebve me vaksina anti-Covid, jan\u00eb duke u shfaqur pamje t\u00eb k\u00ebqija.<\/p>\n<p>Ish-ministri i Sh\u00ebndet\u00ebsis\u00eb tha se grupmosha m\u00eb e rreszikuar nga ky virus \u00ebsht\u00eb duke u ballafaquar edhe me rrezikun p\u00ebr t&#8217;u infektuar me Covid-19.<\/p>\n<p>Ai i ka b\u00ebr\u00eb thirrje qeveris\u00eb q\u00eb sa m\u00eb shpejt\u00eb t\u00eb menaxhoj\u00eb situat\u00ebn.<\/p>\n<p>Postimi i plot\u00eb:<\/p>\n<p>Pamje jasht\u00ebzakonisht t\u00eb k\u00ebqija nga salla 1 Tetori n\u00eb Prishtin\u00eb, ku po b\u00ebhet vaksinimi. \u00cbsht\u00eb pap\u00ebrgjegj\u00ebsi e skajshme q\u00eb grupmoshat m\u00eb t\u00eb rrezikuara nga virusi Covid 19, q\u00eb n\u00eb fakt kan\u00eb shkuar p\u00ebr t\u00eb marr\u00eb ndihm\u00eb, t\u2019i p\u00ebrballim me rrezik.<\/p>\n<p>Arben Vitia k\u00ebrkonte nga Kuvendi dhe qytetar\u00ebt q\u00eb t\u2019i besojm\u00eb p\u00ebr \u00e7\u00ebshtjen e vaksinave. Por besimi qytetar nuk po shpaguhet, pasiq\u00eb po shohim q\u00eb nuk ka llogaridh\u00ebnie p\u00ebr menaxhimin e dob\u00ebt dhe as plan p\u00ebr ta tejkaluar kaosin n\u00eb qendra t\u00eb vaksinimit.<\/p>\n<p>Ftoj qeverin\u00eb q\u00eb sa m\u00eb shpejt t\u00eb menaxhoj situat\u00ebn dhe t\u00eb mos rrezikoj sh\u00ebndetin e qytetar\u00ebve tan\u00eb.<\/p>\n","protected":false},"excerpt":{"rendered":"<p>Deputeti i Partis\u00eb Demokratike t\u00eb Kosov\u00ebs, Uran Ismaili ka th\u00ebn\u00eb se nga salla \u201c1 Tetori\u201d, ku po b\u00ebhet vaksinimi i qytetar\u00ebve me vaksina anti-Covid, jan\u00eb duke u shfaqur pamje t\u00eb k\u00ebqija. Ish-ministri i Sh\u00ebndet\u00ebsis\u00eb tha se grupmosha m\u00eb e rreszikuar nga ky virus \u00ebsht\u00eb duke u ballafaquar edhe me rrezikun p\u00ebr t&#8217;u infektuar me Covid-19. [&hellip;]<\/p>\n","protected":false},"author":1,"featured_media":81696,"comment_status":"closed","ping_status":"closed","sticky":false,"template":"","format":"standard","meta":{"footnotes":""},"categories":[5],"tags":[],"class_list":{"0":"post-81695","1":"post","2":"type-post","3":"status-publish","4":"format-standard","5":"has-post-thumbnail","7":"category-lajme"},"_links":{"self":[{"href":"https:\/\/radiostargjilan.com\/web\/wp-json\/wp\/v2\/posts\/81695","targetHints":{"allow":["GET"]}}],"collection":[{"href":"https:\/\/radiostargjilan.com\/web\/wp-json\/wp\/v2\/posts"}],"about":[{"href":"https:\/\/radiostargjilan.com\/web\/wp-json\/wp\/v2\/types\/post"}],"author":[{"embeddable":true,"href":"https:\/\/radiostargjilan.com\/web\/wp-json\/wp\/v2\/users\/1"}],"replies":[{"embeddable":true,"href":"https:\/\/radiostargjilan.com\/web\/wp-json\/wp\/v2\/comments?post=81695"}],"version-history":[{"count":0,"href":"https:\/\/radiostargjilan.com\/web\/wp-json\/wp\/v2\/posts\/81695\/revisions"}],"wp:featuredmedia":[{"embeddable":true,"href":"https:\/\/radiostargjilan.com\/web\/wp-json\/wp\/v2\/media\/81696"}],"wp:attachment":[{"href":"https:\/\/radiostargjilan.com\/web\/wp-json\/wp\/v2\/media?parent=81695"}],"wp:term":[{"taxonomy":"category","embeddable":true,"href":"https:\/\/radiostargjilan.com\/web\/wp-json\/wp\/v2\/categories?post=81695"},{"taxonomy":"post_tag","embeddable":true,"href":"https:\/\/radiostargjilan.com\/web\/wp-json\/wp\/v2\/tags?post=81695"}],"curies":[{"name":"wp","href":"https:\/\/api.w.org\/{rel}","templated":true}]}}