{"id":81839,"date":"2021-05-17T06:39:53","date_gmt":"2021-05-17T06:39:53","guid":{"rendered":"https:\/\/radiostargjilan.com\/web\/?p=81839"},"modified":"2021-05-17T06:39:53","modified_gmt":"2021-05-17T06:39:53","slug":"sot-mblidhet-kuvendi-ne-seance-te-jashtezakonshme-prezantohet-programi-qeverises","status":"publish","type":"post","link":"https:\/\/radiostargjilan.com\/web\/sot-mblidhet-kuvendi-ne-seance-te-jashtezakonshme-prezantohet-programi-qeverises\/","title":{"rendered":"Sot mblidhet Kuvendi n\u00eb seanc\u00eb t\u00eb jasht\u00ebzakonshme \u2013 prezantohet programi Qeveris\u00ebs"},"content":{"rendered":"<p>Kuvendi i Kosov\u00ebs do t\u00eb mbaj\u00eb sot nj\u00eb seanc\u00eb t\u00eb jasht\u00ebzakonshme me pik\u00ebn e vetme t\u00eb rendit t\u00eb dit\u00ebs, prezantimi i programit qeveris\u00ebs p\u00ebr kat\u00ebr vitet e ardhshme.Deputet\u00ebt e Kuvendit t\u00eb Kosov\u00ebs do t\u00eb mblidhen sot n\u00eb seanc\u00eb.N\u00eb k\u00ebt\u00eb seanc\u00eb do t\u00eb diskutohet vet\u00ebm nj\u00eb pik\u00eb e rendit t\u00eb dit\u00ebs.Nga ora 10:00, deputet\u00ebt do t\u00eb diskutojn\u00eb p\u00ebr Programin e Qeveris\u00eb s\u00eb Kosov\u00ebs p\u00ebr vitet 2021-2025.Programi i Qeveris\u00eb \u00ebsht\u00eb miratuar jav\u00ebn e kaluar n\u00eb mbledhjen e ekzekutivit.<\/p>\n<p>Programi qeveris\u00ebs do t\u00eb fokusohet n\u00eb masat p\u00ebr p\u00ebrballimin e pasojave q\u00eb po l\u00eb pandemia, zhvillimin ekonomik t\u00eb vendit, mb\u00ebshtetjen p\u00ebr bizneset, rritjen e pag\u00ebs minimale, krijimin e vendeve t\u00eb pun\u00ebs dhe riorganizimin t\u00eb skemave sociale.Kurti ka th\u00ebn\u00eb se gjat\u00eb mandatit t\u00eb qeveris\u00eb s\u00eb tij do t\u00eb ket\u00eb transparenc\u00eb, profesionaliz\u00ebm dhe llogaridh\u00ebnie.<\/p>\n<p> Nd\u00ebrsa ka premtuar reforma n\u00eb drejt\u00ebsi ku vettingu do t\u00eb jet\u00eb fjala kryesore e k\u00ebsaj reforme.Po ashtu Kurti ka th\u00ebn\u00eb se gjat\u00eb mandatit t\u00eb tij qeveris\u00ebs do t\u00eb b\u00ebhen reforma n\u00eb skemat sociale duke ofruar mb\u00ebshtetje p\u00ebr familje me t\u00eb ardhura t\u00eb vogla, shtesa p\u00ebr f\u00ebmij\u00eb e pun\u00ebsime p\u00ebr moshat e reja. Ai ka premtuar edhe nd\u00ebrtimin e 160 \u00e7erdheve n\u00eb gjith\u00eb vendin, mb\u00ebshtetje financiare p\u00ebr \u00e7iftet e reja dhe rritje t\u00eb pag\u00ebs minimale n\u00eb 250 euro.Kurti ka premtuar se gjat\u00eb k\u00ebtyre kat\u00ebr vjet\u00ebve t\u00eb qeverisjes, do t\u00eb p\u00ebrmbyllet zhvillimi i sistemit informimin sh\u00ebndet\u00ebsor dhe do t\u00eb fillohet me rritjen e fondit t\u00eb sigurimeve sh\u00ebndet\u00ebsore.Kurti ka b\u00ebr\u00eb t\u00eb ditur se gjat\u00eb mandatit qeveris\u00ebs, Kosova do t\u00eb aplikoj\u00eb p\u00ebr an\u00ebtar\u00ebsim n\u00eb BE dhe p\u00ebr an\u00ebtar\u00ebsim n\u00eb Kart\u00ebn e Adriatikut. Ai po ashtu ka th\u00ebn\u00eb se qeveria e tij \u00ebsht\u00eb duke p\u00ebrgatitur dosjen p\u00ebr t\u00eb paditur Serbin\u00eb p\u00ebr gjenocid, teksa dialogun e ka renditur prioritet t\u00eb kat\u00ebrt p\u00ebr qeverin\u00eb e tij.Opozita ka kritikuar n\u00eb vazhdim\u00ebsi Qeverin\u00eb Kurti p\u00ebr mos publikimin me koh\u00eb t\u00eb planit qeveris\u00ebs.<\/p>\n","protected":false},"excerpt":{"rendered":"<p>Kuvendi i Kosov\u00ebs do t\u00eb mbaj\u00eb sot nj\u00eb seanc\u00eb t\u00eb jasht\u00ebzakonshme me pik\u00ebn e vetme t\u00eb rendit t\u00eb dit\u00ebs, prezantimi i programit qeveris\u00ebs p\u00ebr kat\u00ebr vitet e ardhshme.Deputet\u00ebt e Kuvendit t\u00eb Kosov\u00ebs do t\u00eb mblidhen sot n\u00eb seanc\u00eb.N\u00eb k\u00ebt\u00eb seanc\u00eb do t\u00eb diskutohet vet\u00ebm nj\u00eb pik\u00eb e rendit t\u00eb dit\u00ebs.Nga ora 10:00, deputet\u00ebt do t\u00eb [&hellip;]<\/p>\n","protected":false},"author":1,"featured_media":81840,"comment_status":"closed","ping_status":"closed","sticky":false,"template":"","format":"standard","meta":{"footnotes":""},"categories":[5],"tags":[],"class_list":{"0":"post-81839","1":"post","2":"type-post","3":"status-publish","4":"format-standard","5":"has-post-thumbnail","7":"category-lajme"},"_links":{"self":[{"href":"https:\/\/radiostargjilan.com\/web\/wp-json\/wp\/v2\/posts\/81839","targetHints":{"allow":["GET"]}}],"collection":[{"href":"https:\/\/radiostargjilan.com\/web\/wp-json\/wp\/v2\/posts"}],"about":[{"href":"https:\/\/radiostargjilan.com\/web\/wp-json\/wp\/v2\/types\/post"}],"author":[{"embeddable":true,"href":"https:\/\/radiostargjilan.com\/web\/wp-json\/wp\/v2\/users\/1"}],"replies":[{"embeddable":true,"href":"https:\/\/radiostargjilan.com\/web\/wp-json\/wp\/v2\/comments?post=81839"}],"version-history":[{"count":0,"href":"https:\/\/radiostargjilan.com\/web\/wp-json\/wp\/v2\/posts\/81839\/revisions"}],"wp:featuredmedia":[{"embeddable":true,"href":"https:\/\/radiostargjilan.com\/web\/wp-json\/wp\/v2\/media\/81840"}],"wp:attachment":[{"href":"https:\/\/radiostargjilan.com\/web\/wp-json\/wp\/v2\/media?parent=81839"}],"wp:term":[{"taxonomy":"category","embeddable":true,"href":"https:\/\/radiostargjilan.com\/web\/wp-json\/wp\/v2\/categories?post=81839"},{"taxonomy":"post_tag","embeddable":true,"href":"https:\/\/radiostargjilan.com\/web\/wp-json\/wp\/v2\/tags?post=81839"}],"curies":[{"name":"wp","href":"https:\/\/api.w.org\/{rel}","templated":true}]}}