{"id":81908,"date":"2021-05-18T06:27:03","date_gmt":"2021-05-18T06:27:03","guid":{"rendered":"https:\/\/radiostargjilan.com\/web\/?p=81908"},"modified":"2021-05-18T06:27:03","modified_gmt":"2021-05-18T06:27:03","slug":"osmani-flet-rreth-perplasjes-me-vuciqin-ne-slloveni","status":"publish","type":"post","link":"https:\/\/radiostargjilan.com\/web\/osmani-flet-rreth-perplasjes-me-vuciqin-ne-slloveni\/","title":{"rendered":"Osmani flet rreth p\u00ebrplasjes me Vu\u00e7iqin n\u00eb Slloveni"},"content":{"rendered":"<p>Presidentja e Kosov\u00ebs, Vjosa Osmani ka folur ekskluzivisht p\u00ebr RTK-n\u00eb pas p\u00ebrfundimit t\u00eb Samitit t\u00eb Brdo-Brion\u00ebs n\u00eb Slloveni.<\/p>\n<p>Ajo ka treguar p\u00ebr p\u00ebrplasjen q\u00eb kishte me presidentin e Serbis\u00eb, Aleksandar Vu\u00e7iq.<\/p>\n<p>\u201cVu\u00e7iq institonte q\u00eb ndryshimi i kujfijve t\u00eb vendve t\u00eb Ballkanit P\u00ebrendimor t\u2019ju lihen vet\u00ebm shtetet an\u00ebtar\u00ebve q\u00eb jan\u00eb pjes\u00eb e OKB-s\u00eb\u201d, ka th\u00ebn\u00eb Osmani.<\/p>\n<p>Sipas saj, p\u00ebrplasja ka ndodhur kur ajo dhe Shefik Xhaferoviq, an\u00ebtar i presidenc\u00ebs s\u00eb Bosnj\u00ebs dhe Hercegovin\u00ebs, kan\u00eb folur p\u00ebr krimet q\u00eb Serbia ka kryer n\u00eb Kosov\u00eb dhe n\u00eb Bosnje.<\/p>\n<p>\u201cKur ne fol\u00ebm p\u00ebr k\u00ebto krime, aty ndodhi kund\u00ebrshtimi i Vu\u00e7iqit. Ne folem qart\u00eb p\u00ebr krimet e kryera edhe n\u00eb Bosnje edhe n\u00eb Kosov\u00eb dhe kjo o pengoi Vu\u00e7iq\u201d, theksoi Osmani.<\/p>\n<p>Ajo tutje tha kund\u00ebrshtimi i krimeve nuk duhet t\u00eb ishte qasje e Serbis\u00eb.<\/p>\n<p>\u201cUn\u00eb isha e qart\u00eb q\u00eb Serbia do t\u00eb ec\u00eb p\u00ebrpara vet\u00ebm kur e pranon shtetin e Kosov\u00ebs dhe vet\u00ebm kur i v\u00eb prapa grilave kriminel\u00ebt. Vu\u00e7iq kishte qasje tjet\u00ebr dhe kjo \u00ebsht\u00eb p\u00ebr t\u00eb ardhur keq\u201d, shtoi tutje presidentja e vendit.<\/p>\n<p>E para e Kosov\u00ebs po ashtu tha se Ballkani P\u00ebrendimor nuk duhet t\u00eb mbet peng i k\u00ebsaj qasjeje t\u00eb Serbis\u00eb dhe duhet t\u00eb ec\u00eb p\u00ebrpara.<\/p>\n<p>Osmani po ashtu tha se gjat\u00eb Samitit ka takuar shefat e shteteve t\u00eb Shqip\u00ebris\u00eb, Malit t\u00eb Zi, Maqedonins\u00eb s\u00eb Veriut, etj.<\/p>\n","protected":false},"excerpt":{"rendered":"<p>Presidentja e Kosov\u00ebs, Vjosa Osmani ka folur ekskluzivisht p\u00ebr RTK-n\u00eb pas p\u00ebrfundimit t\u00eb Samitit t\u00eb Brdo-Brion\u00ebs n\u00eb Slloveni. Ajo ka treguar p\u00ebr p\u00ebrplasjen q\u00eb kishte me presidentin e Serbis\u00eb, Aleksandar Vu\u00e7iq. \u201cVu\u00e7iq institonte q\u00eb ndryshimi i kujfijve t\u00eb vendve t\u00eb Ballkanit P\u00ebrendimor t\u2019ju lihen vet\u00ebm shtetet an\u00ebtar\u00ebve q\u00eb jan\u00eb pjes\u00eb e OKB-s\u00eb\u201d, ka th\u00ebn\u00eb Osmani. [&hellip;]<\/p>\n","protected":false},"author":1,"featured_media":81909,"comment_status":"closed","ping_status":"closed","sticky":false,"template":"","format":"standard","meta":{"footnotes":""},"categories":[5],"tags":[],"class_list":{"0":"post-81908","1":"post","2":"type-post","3":"status-publish","4":"format-standard","5":"has-post-thumbnail","7":"category-lajme"},"_links":{"self":[{"href":"https:\/\/radiostargjilan.com\/web\/wp-json\/wp\/v2\/posts\/81908","targetHints":{"allow":["GET"]}}],"collection":[{"href":"https:\/\/radiostargjilan.com\/web\/wp-json\/wp\/v2\/posts"}],"about":[{"href":"https:\/\/radiostargjilan.com\/web\/wp-json\/wp\/v2\/types\/post"}],"author":[{"embeddable":true,"href":"https:\/\/radiostargjilan.com\/web\/wp-json\/wp\/v2\/users\/1"}],"replies":[{"embeddable":true,"href":"https:\/\/radiostargjilan.com\/web\/wp-json\/wp\/v2\/comments?post=81908"}],"version-history":[{"count":0,"href":"https:\/\/radiostargjilan.com\/web\/wp-json\/wp\/v2\/posts\/81908\/revisions"}],"wp:featuredmedia":[{"embeddable":true,"href":"https:\/\/radiostargjilan.com\/web\/wp-json\/wp\/v2\/media\/81909"}],"wp:attachment":[{"href":"https:\/\/radiostargjilan.com\/web\/wp-json\/wp\/v2\/media?parent=81908"}],"wp:term":[{"taxonomy":"category","embeddable":true,"href":"https:\/\/radiostargjilan.com\/web\/wp-json\/wp\/v2\/categories?post=81908"},{"taxonomy":"post_tag","embeddable":true,"href":"https:\/\/radiostargjilan.com\/web\/wp-json\/wp\/v2\/tags?post=81908"}],"curies":[{"name":"wp","href":"https:\/\/api.w.org\/{rel}","templated":true}]}}