{"id":82323,"date":"2021-05-24T07:47:28","date_gmt":"2021-05-24T07:47:28","guid":{"rendered":"https:\/\/radiostargjilan.com\/web\/?p=82323"},"modified":"2021-05-24T07:47:28","modified_gmt":"2021-05-24T07:47:28","slug":"personeli-shendetesor-qe-mori-dozen-e-pare-ne-kukes-sot-merr-dozen-e-dyte-te-vaksinen","status":"publish","type":"post","link":"https:\/\/radiostargjilan.com\/web\/personeli-shendetesor-qe-mori-dozen-e-pare-ne-kukes-sot-merr-dozen-e-dyte-te-vaksinen\/","title":{"rendered":"Personeli sh\u00ebndet\u00ebsor q\u00eb mori doz\u00ebn e par\u00eb n\u00eb Kuk\u00ebs sot merr doz\u00ebn e dyt\u00eb t\u00eb vaksin\u00ebn"},"content":{"rendered":"<p>500 pun\u00ebtor\u00ebt sh\u00ebndet\u00ebsor\u00eb kosovar\u00eb q\u00eb kan\u00eb marr\u00eb doz\u00ebn e par\u00eb t\u00eb vaksin\u00ebs n\u00eb Kuk\u00ebs, jan\u00eb ftuar q\u00eb nga kjo e h\u00ebn\u00eb t\u00eb paraqiten ne sall\u00ebn \u201c1 Tetori\u201d n\u00eb Prishtin\u00eb p\u00ebr t\u00eb injektuar doz\u00ebn e dyt\u00eb.T\u00eb imunizuarit me AstraZeneca do t\u00eb b\u00ebhen kosovar\u00ebt e par\u00eb q\u00eb do t\u00eb \u201csigurohen\u201d me doz\u00ebn e dyt\u00eb.<\/p>\n<p>Mjek\u00ebt thon\u00eb se kjo \u00ebsht\u00eb leht\u00ebsim p\u00ebr ata teksa jan\u00eb fal\u00ebnderues si p\u00ebr shtetin kosovar aq edhe p\u00ebr at\u00eb shqiptar.Kreu i Federat\u00ebs Sindikale t\u00eb Sh\u00ebndet\u00ebsis\u00eb, Blerim Syla ka njoftuar se vaksinimi i dyt\u00eb p\u00ebr stafin mjek\u00ebsor do filloj\u00eb nga ora 12:30, nd\u00ebrsa do t`i mbroj\u00eb edhe nga versioni i ri indian i virusit.Reklam\u00ebImunizimi me kur\u00ebn britanike sipas Syl\u00ebs, do t\u00eb b\u00ebhet sipas rendit nga vaksinimi i par\u00eb.<\/p>\n","protected":false},"excerpt":{"rendered":"<p>500 pun\u00ebtor\u00ebt sh\u00ebndet\u00ebsor\u00eb kosovar\u00eb q\u00eb kan\u00eb marr\u00eb doz\u00ebn e par\u00eb t\u00eb vaksin\u00ebs n\u00eb Kuk\u00ebs, jan\u00eb ftuar q\u00eb nga kjo e h\u00ebn\u00eb t\u00eb paraqiten ne sall\u00ebn \u201c1 Tetori\u201d n\u00eb Prishtin\u00eb p\u00ebr t\u00eb injektuar doz\u00ebn e dyt\u00eb.T\u00eb imunizuarit me AstraZeneca do t\u00eb b\u00ebhen kosovar\u00ebt e par\u00eb q\u00eb do t\u00eb \u201csigurohen\u201d me doz\u00ebn e dyt\u00eb. Mjek\u00ebt thon\u00eb se [&hellip;]<\/p>\n","protected":false},"author":1,"featured_media":82324,"comment_status":"closed","ping_status":"closed","sticky":false,"template":"","format":"standard","meta":{"footnotes":""},"categories":[3],"tags":[],"class_list":{"0":"post-82323","1":"post","2":"type-post","3":"status-publish","4":"format-standard","5":"has-post-thumbnail","7":"category-shendetesi"},"_links":{"self":[{"href":"https:\/\/radiostargjilan.com\/web\/wp-json\/wp\/v2\/posts\/82323","targetHints":{"allow":["GET"]}}],"collection":[{"href":"https:\/\/radiostargjilan.com\/web\/wp-json\/wp\/v2\/posts"}],"about":[{"href":"https:\/\/radiostargjilan.com\/web\/wp-json\/wp\/v2\/types\/post"}],"author":[{"embeddable":true,"href":"https:\/\/radiostargjilan.com\/web\/wp-json\/wp\/v2\/users\/1"}],"replies":[{"embeddable":true,"href":"https:\/\/radiostargjilan.com\/web\/wp-json\/wp\/v2\/comments?post=82323"}],"version-history":[{"count":0,"href":"https:\/\/radiostargjilan.com\/web\/wp-json\/wp\/v2\/posts\/82323\/revisions"}],"wp:featuredmedia":[{"embeddable":true,"href":"https:\/\/radiostargjilan.com\/web\/wp-json\/wp\/v2\/media\/82324"}],"wp:attachment":[{"href":"https:\/\/radiostargjilan.com\/web\/wp-json\/wp\/v2\/media?parent=82323"}],"wp:term":[{"taxonomy":"category","embeddable":true,"href":"https:\/\/radiostargjilan.com\/web\/wp-json\/wp\/v2\/categories?post=82323"},{"taxonomy":"post_tag","embeddable":true,"href":"https:\/\/radiostargjilan.com\/web\/wp-json\/wp\/v2\/tags?post=82323"}],"curies":[{"name":"wp","href":"https:\/\/api.w.org\/{rel}","templated":true}]}}