{"id":82398,"date":"2021-05-25T11:14:24","date_gmt":"2021-05-25T11:14:24","guid":{"rendered":"https:\/\/radiostargjilan.com\/web\/?p=82398"},"modified":"2021-05-25T11:14:24","modified_gmt":"2021-05-25T11:14:24","slug":"mbi-58-mije-persona-vaksinohen-ne-kosove","status":"publish","type":"post","link":"https:\/\/radiostargjilan.com\/web\/mbi-58-mije-persona-vaksinohen-ne-kosove\/","title":{"rendered":"Mbi 58 mij\u00eb persona vaksinohen n\u00eb Kosov\u00eb"},"content":{"rendered":"<p>N\u00eb sall\u00ebn \u201c1 Tetori\u201d, n\u00eb Prishtin\u00eb ka vazhduar vaksinimi i personave mbi mosh\u00ebn 65 vje\u00e7 dhe marrja e doz\u00ebs s\u00eb dyt\u00eb p\u00ebr personelin sh\u00ebndet\u00ebsor q\u00eb kan\u00eb marr\u00eb doz\u00ebn e par\u00eb n\u00eb Kuk\u00ebs.<\/p>\n<p>Gjat\u00eb s\u00eb mart\u00ebs \u00ebsht\u00eb v\u00ebrejtur interesim m\u00eb i vog\u00ebl i atyre q\u00eb kan\u00eb marr\u00eb vaksin\u00ebn.<\/p>\n<p>Afrim Hetemi tha se nuk ka pritur p\u00ebr tu vaksinuar dhe se sipas tij, procesi po shkon n\u00eb rregull.<\/p>\n<p>\u201cSot e morra vaksin\u00ebn p\u00ebr t\u00eb cil\u00ebn kam aplikuar online dhe sot jam ftuar dhe nuk pat ndonj\u00eb parregullsi\u201d.<\/p>\n<p>\u201cM\u00eb duket qe deri tani \u00ebsht\u00eb n\u00eb rregull pas asaj rr\u00ebmuje q\u00eb ishte e paplanifikuar, kurse tash duket n\u00eb rregull\u201d, Hetemi.<\/p>\n<p>P\u00ebrderisa koordinatori i Qendr\u00ebs s\u00eb vaksinimit, Niman Bardhi n\u00eb nj\u00eb konferenc\u00eb p\u00ebr medie tha se numri total i t\u00eb vaksinuar ka shkuar n\u00eb mbi 58  mij\u00eb, p\u00ebrderisa n\u00eb k\u00ebt\u00eb qend\u00ebr jan\u00eb vaksinuar deri n\u00eb or\u00ebn 12:00, 140 persona.<\/p>\n<p>\u201cSi\u00e7 po e shihni edhe sot po vazhdon vaksinimi i popullat\u00ebs nga grupmosha mbi 65 vje\u00e7 e mbi dhe paralelisht edhe p\u00ebr personelin sh\u00ebndet\u00ebsor q\u00eb kan\u00eb marr\u00eb doz\u00ebn e par\u00eb n\u00eb Kuk\u00ebs\u201d.<\/p>\n<p>\u201cAktualisht sa flasim jan\u00eb vaksinuar mbi 500 t\u00eb vaksinuar, nd\u00ebrsa ne nivel vendi mbi 58 mij\u00eb persona t\u00eb vaksinuar. N\u00eb sall\u00ebn \u20181 Tetori\u2019 aktualisht jan\u00eb vaksinuar mbi 140 persona dhe jan\u00eb duke pritur secili p\u00ebr koh\u00ebn e vet\u201d, tha Bardhi.<\/p>\n","protected":false},"excerpt":{"rendered":"<p>N\u00eb sall\u00ebn \u201c1 Tetori\u201d, n\u00eb Prishtin\u00eb ka vazhduar vaksinimi i personave mbi mosh\u00ebn 65 vje\u00e7 dhe marrja e doz\u00ebs s\u00eb dyt\u00eb p\u00ebr personelin sh\u00ebndet\u00ebsor q\u00eb kan\u00eb marr\u00eb doz\u00ebn e par\u00eb n\u00eb Kuk\u00ebs. Gjat\u00eb s\u00eb mart\u00ebs \u00ebsht\u00eb v\u00ebrejtur interesim m\u00eb i vog\u00ebl i atyre q\u00eb kan\u00eb marr\u00eb vaksin\u00ebn. Afrim Hetemi tha se nuk ka pritur p\u00ebr [&hellip;]<\/p>\n","protected":false},"author":1,"featured_media":81871,"comment_status":"closed","ping_status":"closed","sticky":false,"template":"","format":"standard","meta":{"footnotes":""},"categories":[5],"tags":[],"class_list":{"0":"post-82398","1":"post","2":"type-post","3":"status-publish","4":"format-standard","5":"has-post-thumbnail","7":"category-lajme"},"_links":{"self":[{"href":"https:\/\/radiostargjilan.com\/web\/wp-json\/wp\/v2\/posts\/82398","targetHints":{"allow":["GET"]}}],"collection":[{"href":"https:\/\/radiostargjilan.com\/web\/wp-json\/wp\/v2\/posts"}],"about":[{"href":"https:\/\/radiostargjilan.com\/web\/wp-json\/wp\/v2\/types\/post"}],"author":[{"embeddable":true,"href":"https:\/\/radiostargjilan.com\/web\/wp-json\/wp\/v2\/users\/1"}],"replies":[{"embeddable":true,"href":"https:\/\/radiostargjilan.com\/web\/wp-json\/wp\/v2\/comments?post=82398"}],"version-history":[{"count":0,"href":"https:\/\/radiostargjilan.com\/web\/wp-json\/wp\/v2\/posts\/82398\/revisions"}],"wp:featuredmedia":[{"embeddable":true,"href":"https:\/\/radiostargjilan.com\/web\/wp-json\/wp\/v2\/media\/81871"}],"wp:attachment":[{"href":"https:\/\/radiostargjilan.com\/web\/wp-json\/wp\/v2\/media?parent=82398"}],"wp:term":[{"taxonomy":"category","embeddable":true,"href":"https:\/\/radiostargjilan.com\/web\/wp-json\/wp\/v2\/categories?post=82398"},{"taxonomy":"post_tag","embeddable":true,"href":"https:\/\/radiostargjilan.com\/web\/wp-json\/wp\/v2\/tags?post=82398"}],"curies":[{"name":"wp","href":"https:\/\/api.w.org\/{rel}","templated":true}]}}