{"id":82762,"date":"2021-05-29T06:27:25","date_gmt":"2021-05-29T06:27:25","guid":{"rendered":"https:\/\/radiostargjilan.com\/web\/?p=82762"},"modified":"2021-05-29T06:27:25","modified_gmt":"2021-05-29T06:27:25","slug":"sherbyesit-civil-ne-gjilan-kerkojne-pagesen-e-shujtes-se-ushqimit","status":"publish","type":"post","link":"https:\/\/radiostargjilan.com\/web\/sherbyesit-civil-ne-gjilan-kerkojne-pagesen-e-shujtes-se-ushqimit\/","title":{"rendered":"Sh\u00ebrbyesit civil n\u00eb Gjilan k\u00ebrkojn\u00eb pages\u00ebn e shujt\u00ebs s\u00eb ushqimit"},"content":{"rendered":"<p>Sh\u00ebrbyesit Civil t\u00eb Komun\u00ebs s\u00eb Gjilanit, i kan\u00eb adresuar sot nj\u00eb k\u00ebrkes\u00eb Kuvendit Komunal t\u00eb Gjilanit, q\u00eb t\u00eb merr vendim p\u00ebr pages\u00ebn e shujt\u00ebs s\u00eb ushqimit p\u00ebr t\u00eb gjith\u00eb sh\u00ebrbyesit civil t\u00eb pun\u00ebsuar n\u00eb administrat\u00ebn komunale.<\/p>\n<p>\u201cK\u00ebt\u00eb k\u00ebrkes\u00eb e parashtrojm\u00eb, duke u nisur nga ajo se sektor\u00ebt e tjer\u00eb publik, si Arsimi dhe Sh\u00ebndet\u00ebsia k\u00ebt\u00eb t\u00eb drejt\u00eb e kan\u00eb realizuar dhe jan\u00eb duke e realizuar, nd\u00ebrsa ne duke pasur parasysh edhe rrethanat q\u00eb punojm\u00eb me orar t\u00eb plot\u00eb t\u00eb pun\u00ebs 8 or\u00eb n\u00eb dit\u00eb, deri m\u00eb tani jemi t\u00eb diskriminuar n\u00eb krahasim me sektor\u00ebt e lartcekur\u201d, thuhet n\u00eb k\u00ebrkes\u00ebn q\u00eb \u00ebsht\u00eb dor\u00ebzuar n\u00eb Qendr\u00ebn p\u00ebr Sh\u00ebrbim me Qytetar\u00eb, transmeton Radio Star.<\/p>\n<p>Po ashtu, n\u00eb k\u00ebrkes\u00eb thuhet se edhe n\u00eb koh\u00eb e rrezikshm\u00ebris\u00eb m\u00eb t\u00eb lart\u00eb t\u00eb infektimit me COVID \u2013 19, sh\u00ebrbyesit civil ishin ata q\u00eb administrat\u00ebn komunale e b\u00ebn\u00eb q\u00eb t\u00eb jet\u00eb funksionale dhe n\u00eb sh\u00ebrbim t\u00eb qytetar\u00ebve, e nd\u00ebr t\u00eb pakt\u00ebt pun\u00ebtor\u00eb t\u00eb shtetit t\u00eb cil\u00ebt nuk kan\u00eb p\u00ebrfituar nga skemat e ndihmave gjat\u00eb pandemis\u00eb.<\/p>\n<p>\u201cSh\u00ebrbyesit civil, jo se jan\u00eb t\u00eb diskriminuarit n\u00eb nivel t\u00eb pagave, por ata jan\u00eb t\u00eb diskriminuar edhe n\u00eb ndihmat kompensimet shtes\u00eb n\u00eb programet mb\u00ebshtet\u00ebse nga puna n\u00eb pandemi, edhe ata punuan me pal\u00eb dhe me persona t\u00eb infektuar me COVID -19\u201d, thuhet tutje n\u00eb k\u00ebrkes\u00ebn n\u00eb fjal\u00eb.<\/p>\n<p>\u201cNe nuk jemi kund\u00ebr q\u00eb u kompensuan pun\u00ebtor\u00ebt sh\u00ebndet\u00ebsor dhe ata t\u00eb arsimit, por k\u00ebrkojm\u00eb q\u00eb vler\u00ebsohet kontributi dhe p\u00ebrkushtimi yn\u00eb n\u00eb funksionimin e administrat\u00ebs publike dhe n\u00eb sh\u00ebrbim t\u00eb qytetar\u00ebve.<\/p>\n<p>Andaj, k\u00ebrkojm\u00eb q\u00eb s\u00eb paku nga ana e juaj t\u00eb vler\u00ebsohet kontributi dhe p\u00ebrkushtimi yn\u00eb n\u00eb funksionimin e administrat\u00ebs publike dhe n\u00eb sh\u00ebrbim t\u00eb qytetar\u00ebve, duke marr vendim p\u00ebr lejimin e pages\u00ebs s\u00eb shujtave t\u00eb ushqimit p\u00ebr t\u00eb gjith\u00eb t\u00eb pun\u00ebsuarit n\u00eb Administrat\u00ebn komunale p\u00ebr vitin 2021, n\u00eb vler\u00eb prej 2 \u20ac (dy euro) p\u00ebr \u00e7do dit\u00eb pune  (pranis\u00eb s\u00eb pun\u00ebtorit n\u00eb pun\u00eb)\u201d, thuhet n\u00eb fund t\u00eb k\u00ebsaj k\u00ebrkese t\u00eb 195 Sh\u00ebrbyesve Civil t\u00eb Komun\u00ebs s\u00eb Gjilanit, t\u00eb n\u00ebnshkruar n\u00eb k\u00ebt\u00eb k\u00ebrkes\u00eb. <\/p>\n","protected":false},"excerpt":{"rendered":"<p>Sh\u00ebrbyesit Civil t\u00eb Komun\u00ebs s\u00eb Gjilanit, i kan\u00eb adresuar sot nj\u00eb k\u00ebrkes\u00eb Kuvendit Komunal t\u00eb Gjilanit, q\u00eb t\u00eb merr vendim p\u00ebr pages\u00ebn e shujt\u00ebs s\u00eb ushqimit p\u00ebr t\u00eb gjith\u00eb sh\u00ebrbyesit civil t\u00eb pun\u00ebsuar n\u00eb administrat\u00ebn komunale. \u201cK\u00ebt\u00eb k\u00ebrkes\u00eb e parashtrojm\u00eb, duke u nisur nga ajo se sektor\u00ebt e tjer\u00eb publik, si Arsimi dhe Sh\u00ebndet\u00ebsia k\u00ebt\u00eb [&hellip;]<\/p>\n","protected":false},"author":1,"featured_media":82763,"comment_status":"closed","ping_status":"closed","sticky":false,"template":"","format":"standard","meta":{"footnotes":""},"categories":[5],"tags":[],"class_list":{"0":"post-82762","1":"post","2":"type-post","3":"status-publish","4":"format-standard","5":"has-post-thumbnail","7":"category-lajme"},"_links":{"self":[{"href":"https:\/\/radiostargjilan.com\/web\/wp-json\/wp\/v2\/posts\/82762","targetHints":{"allow":["GET"]}}],"collection":[{"href":"https:\/\/radiostargjilan.com\/web\/wp-json\/wp\/v2\/posts"}],"about":[{"href":"https:\/\/radiostargjilan.com\/web\/wp-json\/wp\/v2\/types\/post"}],"author":[{"embeddable":true,"href":"https:\/\/radiostargjilan.com\/web\/wp-json\/wp\/v2\/users\/1"}],"replies":[{"embeddable":true,"href":"https:\/\/radiostargjilan.com\/web\/wp-json\/wp\/v2\/comments?post=82762"}],"version-history":[{"count":0,"href":"https:\/\/radiostargjilan.com\/web\/wp-json\/wp\/v2\/posts\/82762\/revisions"}],"wp:featuredmedia":[{"embeddable":true,"href":"https:\/\/radiostargjilan.com\/web\/wp-json\/wp\/v2\/media\/82763"}],"wp:attachment":[{"href":"https:\/\/radiostargjilan.com\/web\/wp-json\/wp\/v2\/media?parent=82762"}],"wp:term":[{"taxonomy":"category","embeddable":true,"href":"https:\/\/radiostargjilan.com\/web\/wp-json\/wp\/v2\/categories?post=82762"},{"taxonomy":"post_tag","embeddable":true,"href":"https:\/\/radiostargjilan.com\/web\/wp-json\/wp\/v2\/tags?post=82762"}],"curies":[{"name":"wp","href":"https:\/\/api.w.org\/{rel}","templated":true}]}}