{"id":83415,"date":"2021-06-07T12:24:48","date_gmt":"2021-06-07T12:24:48","guid":{"rendered":"https:\/\/radiostargjilan.com\/web\/?p=83415"},"modified":"2021-06-07T12:24:48","modified_gmt":"2021-06-07T12:24:48","slug":"fc-drita-e-falenderon-fidan-gerbeshin","status":"publish","type":"post","link":"https:\/\/radiostargjilan.com\/web\/fc-drita-e-falenderon-fidan-gerbeshin\/","title":{"rendered":"FC Drita e fal\u00ebnderon Fidan G\u00ebrbeshin"},"content":{"rendered":"<p>??Gixha4\ufe0f\u20e3\u26aa\ufe0f?<\/p>\n<p>2 her\u00eb kampion i Kosov\u00ebs me FC DRITA<br \/>\n1 her\u00eb fitues i Superkup\u00ebs s\u00eb Kosov\u00ebs<br \/>\n187 ndeshje t\u00eb zhvilluara n\u00eb t\u00eb gjitha garat apo 15,804&#8242; minuta<br \/>\n20 gola t\u00eb sh\u00ebnuar dhe 4 asiste<\/p>\n<p>FALEMINDERIT LEGJEND\u00cb FIDAN G\u00cbRBESHI<\/p>\n<p>Nj\u00ebri prej qend\u00ebrmbrojt\u00ebsve ikon\u00eb jo vet\u00ebm i klubit ton\u00eb por edhe i gjith\u00eb superlig\u00ebs s\u00eb Kosov\u00ebs Fidan G\u00ebrbeshi pas p\u00ebrfundimit t\u00eb kontrat\u00ebs \u00ebsht\u00eb p\u00ebrsh\u00ebndetur me klubin ton\u00eb p\u00ebr t\u00eb vazhduar nj\u00eb aventur\u00eb t\u00eb re!<\/p>\n<p>G\u00ebrbeshi n\u00eb t\u00eb shumt\u00ebn e rasteve si kapiten i ekipit \u00ebsht\u00eb nj\u00eb prej shum\u00eb lojtar\u00ebve emblem t\u00eb klubit ton\u00eb ku p\u00ebr shum\u00eb vite ka djersitur fanelen e klubit drejt shum\u00eb sukseseve!<\/p>\n<p>Gjithmon\u00eb mir\u00ebnjoh\u00ebs dhe fal\u00ebnderues p\u00ebr kontributin q\u00eb Fidani ka dh\u00ebn\u00eb p\u00ebr klubin ton\u00eb!<\/p>\n<p>The LEGEND<\/p>\n","protected":false},"excerpt":{"rendered":"<p>??Gixha4\ufe0f\u20e3\u26aa\ufe0f? 2 her\u00eb kampion i Kosov\u00ebs me FC DRITA 1 her\u00eb fitues i Superkup\u00ebs s\u00eb Kosov\u00ebs 187 ndeshje t\u00eb zhvilluara n\u00eb t\u00eb gjitha garat apo 15,804&#8242; minuta 20 gola t\u00eb sh\u00ebnuar dhe 4 asiste FALEMINDERIT LEGJEND\u00cb FIDAN G\u00cbRBESHI Nj\u00ebri prej qend\u00ebrmbrojt\u00ebsve ikon\u00eb jo vet\u00ebm i klubit ton\u00eb por edhe i gjith\u00eb superlig\u00ebs s\u00eb Kosov\u00ebs Fidan [&hellip;]<\/p>\n","protected":false},"author":1,"featured_media":83416,"comment_status":"closed","ping_status":"closed","sticky":false,"template":"","format":"standard","meta":{"footnotes":""},"categories":[7],"tags":[],"class_list":{"0":"post-83415","1":"post","2":"type-post","3":"status-publish","4":"format-standard","5":"has-post-thumbnail","7":"category-sports"},"_links":{"self":[{"href":"https:\/\/radiostargjilan.com\/web\/wp-json\/wp\/v2\/posts\/83415","targetHints":{"allow":["GET"]}}],"collection":[{"href":"https:\/\/radiostargjilan.com\/web\/wp-json\/wp\/v2\/posts"}],"about":[{"href":"https:\/\/radiostargjilan.com\/web\/wp-json\/wp\/v2\/types\/post"}],"author":[{"embeddable":true,"href":"https:\/\/radiostargjilan.com\/web\/wp-json\/wp\/v2\/users\/1"}],"replies":[{"embeddable":true,"href":"https:\/\/radiostargjilan.com\/web\/wp-json\/wp\/v2\/comments?post=83415"}],"version-history":[{"count":0,"href":"https:\/\/radiostargjilan.com\/web\/wp-json\/wp\/v2\/posts\/83415\/revisions"}],"wp:featuredmedia":[{"embeddable":true,"href":"https:\/\/radiostargjilan.com\/web\/wp-json\/wp\/v2\/media\/83416"}],"wp:attachment":[{"href":"https:\/\/radiostargjilan.com\/web\/wp-json\/wp\/v2\/media?parent=83415"}],"wp:term":[{"taxonomy":"category","embeddable":true,"href":"https:\/\/radiostargjilan.com\/web\/wp-json\/wp\/v2\/categories?post=83415"},{"taxonomy":"post_tag","embeddable":true,"href":"https:\/\/radiostargjilan.com\/web\/wp-json\/wp\/v2\/tags?post=83415"}],"curies":[{"name":"wp","href":"https:\/\/api.w.org\/{rel}","templated":true}]}}