{"id":83432,"date":"2021-06-07T13:58:19","date_gmt":"2021-06-07T13:58:19","guid":{"rendered":"https:\/\/radiostargjilan.com\/web\/?p=83432"},"modified":"2021-06-07T13:58:19","modified_gmt":"2021-06-07T13:58:19","slug":"ismajli-pret-ne-takim-perfaqesuesit-e-klubit-volejbollistik-drita","status":"publish","type":"post","link":"https:\/\/radiostargjilan.com\/web\/ismajli-pret-ne-takim-perfaqesuesit-e-klubit-volejbollistik-drita\/","title":{"rendered":"Ismajli pret n\u00eb takim p\u00ebrfaq\u00ebsuesit e Klubit Volejbollistik \u201cDrita\u201d"},"content":{"rendered":"<p>T\u00eb dashur qytetar\u00eb,<\/p>\n<p>P\u00ebr mua ishte nder dhe k\u00ebnaq\u00ebsi e ve\u00e7ant\u00eb t\u2019i mir\u00ebpresim n\u00eb nj\u00eb takim miq\u00ebsor p\u00ebrfaq\u00ebsuesit e Klubit Volejbollistik \u201cDrita\u201d meshkujt, z. Besnik Veseli &#8211; President i KV Drita, z. Fatlum Hajrizi &#8211; Kapiten i KV Drita dhe znj. Antigon\u00eb Ajeti Veseli &#8211; Delegate e KV Drita. Ky klub ka arritur t\u00eb jet\u00eb N\u00ebnkampion i Kosov\u00ebs n\u00eb Volejboll (2021), finalist i Kup\u00ebs s\u00eb Kosov\u00ebs n\u00eb Volejboll (2021), Kampion i Beach Volley (2021) si dhe pjes\u00ebmarr\u00ebs n\u00eb Kampinatin Europian duke p\u00ebrfaq\u00ebsuar Kosov\u00ebn n\u00eb konkurrenc\u00ebn e meshkujve (U-20).<\/p>\n<p>K\u00ebto suksese t\u00eb jasht\u00ebzakonshme p\u00ebrfaq\u00ebsimi jan\u00eb si rezultat i nj\u00eb pune dhe gatishm\u00ebrie t\u00eb madhe p\u00ebr pun\u00eb ekipore dhe arritje rezultatesh. Fal\u00ebnderojm\u00eb presidentin e KV \u201cDrita\u201d, kryesin\u00eb dhe t\u00eb gjith\u00eb lojtar\u00ebt p\u00ebr b\u00ebrjen e qytetit t\u00eb Gjilanit kryeqytet t\u00eb sportit n\u00eb vendin ton\u00eb. Asnj\u00ebher\u00eb mos iu ndalni sukseseve. N\u00ebse hasni n\u00eb ndonj\u00eb mur, mos u ktheni dhe t\u00eb dor\u00ebzoheni. Kuptoni se si ta kaloni at\u00eb, t\u00eb kaloni p\u00ebrmes tij apo t\u00eb punoni rreth tij. Ne jemi gjithmon\u00eb bashk\u00eb, p\u00ebr ta b\u00ebr\u00eb m\u00eb t\u00eb mir\u00ebn p\u00ebr kryeqytetin e sportit dhe t\u00eb kultur\u00ebs. ?<\/p>\n<p>#bashkeiadalim<\/p>\n","protected":false},"excerpt":{"rendered":"<p>T\u00eb dashur qytetar\u00eb, P\u00ebr mua ishte nder dhe k\u00ebnaq\u00ebsi e ve\u00e7ant\u00eb t\u2019i mir\u00ebpresim n\u00eb nj\u00eb takim miq\u00ebsor p\u00ebrfaq\u00ebsuesit e Klubit Volejbollistik \u201cDrita\u201d meshkujt, z. Besnik Veseli &#8211; President i KV Drita, z. Fatlum Hajrizi &#8211; Kapiten i KV Drita dhe znj. Antigon\u00eb Ajeti Veseli &#8211; Delegate e KV Drita. Ky klub ka arritur t\u00eb jet\u00eb [&hellip;]<\/p>\n","protected":false},"author":1,"featured_media":83433,"comment_status":"closed","ping_status":"closed","sticky":false,"template":"","format":"standard","meta":{"footnotes":""},"categories":[7],"tags":[],"class_list":{"0":"post-83432","1":"post","2":"type-post","3":"status-publish","4":"format-standard","5":"has-post-thumbnail","7":"category-sports"},"_links":{"self":[{"href":"https:\/\/radiostargjilan.com\/web\/wp-json\/wp\/v2\/posts\/83432","targetHints":{"allow":["GET"]}}],"collection":[{"href":"https:\/\/radiostargjilan.com\/web\/wp-json\/wp\/v2\/posts"}],"about":[{"href":"https:\/\/radiostargjilan.com\/web\/wp-json\/wp\/v2\/types\/post"}],"author":[{"embeddable":true,"href":"https:\/\/radiostargjilan.com\/web\/wp-json\/wp\/v2\/users\/1"}],"replies":[{"embeddable":true,"href":"https:\/\/radiostargjilan.com\/web\/wp-json\/wp\/v2\/comments?post=83432"}],"version-history":[{"count":0,"href":"https:\/\/radiostargjilan.com\/web\/wp-json\/wp\/v2\/posts\/83432\/revisions"}],"wp:featuredmedia":[{"embeddable":true,"href":"https:\/\/radiostargjilan.com\/web\/wp-json\/wp\/v2\/media\/83433"}],"wp:attachment":[{"href":"https:\/\/radiostargjilan.com\/web\/wp-json\/wp\/v2\/media?parent=83432"}],"wp:term":[{"taxonomy":"category","embeddable":true,"href":"https:\/\/radiostargjilan.com\/web\/wp-json\/wp\/v2\/categories?post=83432"},{"taxonomy":"post_tag","embeddable":true,"href":"https:\/\/radiostargjilan.com\/web\/wp-json\/wp\/v2\/tags?post=83432"}],"curies":[{"name":"wp","href":"https:\/\/api.w.org\/{rel}","templated":true}]}}