{"id":83579,"date":"2021-06-09T06:52:31","date_gmt":"2021-06-09T06:52:31","guid":{"rendered":"https:\/\/radiostargjilan.com\/web\/?p=83579"},"modified":"2021-06-09T06:54:41","modified_gmt":"2021-06-09T06:54:41","slug":"bekim-rexhepi-perkujton-fadil-vokrrin-ne-tre-vjetorin-e-vdekjes-se-tij","status":"publish","type":"post","link":"https:\/\/radiostargjilan.com\/web\/bekim-rexhepi-perkujton-fadil-vokrrin-ne-tre-vjetorin-e-vdekjes-se-tij\/","title":{"rendered":"Bekim Rexhepi p\u00ebrkujton Fadil Vokrrin n\u00eb tre vjetorin e vdekjes s\u00eb tij"},"content":{"rendered":"<p>Bekim Rexhepi, ka p\u00ebrkujtuar me mall legjenden e futbollit shqiptar, Fadil Vokrri.<\/p>\n<p>Tri vite m\u00eb par\u00eb, Vokrri nd\u00ebrroi jet\u00eb \u2013 duke shokuar k\u00ebshtu opinionin futbolldash\u00ebs dhe jo vet\u00ebm.<\/p>\n<p>Ky \u00ebsht\u00eb shkrimi i plot\u00eb:<\/p>\n<p>N\u00eb p\u00ebrkujtim t\u00eb p\u00ebrvjetorit t\u00eb tret\u00eb te vdekjes s\u00eb Legjendes &#8211; Fadil VOKRRI<\/p>\n<p>Fadili nuk ishte vet\u00ebm futbollist i madh,ishte nj\u00eb njeri i thjesht\u00eb,mik i v\u00ebrtet\u00eb dhe familjar i shk\u00eblqyesh\u00ebm.Njeri fantastik!<\/p>\n<p>T\u00eb till\u00eb do ta kujtojm\u00eb gjithmon\u00eb!<\/p>\n<p>Pushoft\u00eb ne parajs\u00eb shpirti i tij ?<\/p>\n<p>#Legendsneverdie<\/p>\n<p><a href=\"https:\/\/radiostargjilan.com\/web\/wp-content\/uploads\/2021\/06\/11B2ACFB-B0E1-4852-B970-3FE2FA9FBC31.jpeg\"><img loading=\"lazy\" loading=\"lazy\" decoding=\"async\" src=\"https:\/\/radiostargjilan.com\/web\/wp-content\/uploads\/2021\/06\/11B2ACFB-B0E1-4852-B970-3FE2FA9FBC31.jpeg\" alt=\"\" width=\"960\" height=\"720\" class=\"aligncenter size-full wp-image-83580\" srcset=\"https:\/\/radiostargjilan.com\/web\/wp-content\/uploads\/2021\/06\/11B2ACFB-B0E1-4852-B970-3FE2FA9FBC31.jpeg 960w, https:\/\/radiostargjilan.com\/web\/wp-content\/uploads\/2021\/06\/11B2ACFB-B0E1-4852-B970-3FE2FA9FBC31-300x225.jpeg 300w, https:\/\/radiostargjilan.com\/web\/wp-content\/uploads\/2021\/06\/11B2ACFB-B0E1-4852-B970-3FE2FA9FBC31-768x576.jpeg 768w\" sizes=\"auto, (max-width: 960px) 100vw, 960px\" \/><\/a><\/p>\n","protected":false},"excerpt":{"rendered":"<p>Bekim Rexhepi, ka p\u00ebrkujtuar me mall legjenden e futbollit shqiptar, Fadil Vokrri. Tri vite m\u00eb par\u00eb, Vokrri nd\u00ebrroi jet\u00eb \u2013 duke shokuar k\u00ebshtu opinionin futbolldash\u00ebs dhe jo vet\u00ebm. Ky \u00ebsht\u00eb shkrimi i plot\u00eb: N\u00eb p\u00ebrkujtim t\u00eb p\u00ebrvjetorit t\u00eb tret\u00eb te vdekjes s\u00eb Legjendes &#8211; Fadil VOKRRI Fadili nuk ishte vet\u00ebm futbollist i madh,ishte nj\u00eb njeri [&hellip;]<\/p>\n","protected":false},"author":1,"featured_media":83582,"comment_status":"closed","ping_status":"closed","sticky":false,"template":"","format":"standard","meta":{"footnotes":""},"categories":[7],"tags":[],"class_list":{"0":"post-83579","1":"post","2":"type-post","3":"status-publish","4":"format-standard","5":"has-post-thumbnail","7":"category-sports"},"_links":{"self":[{"href":"https:\/\/radiostargjilan.com\/web\/wp-json\/wp\/v2\/posts\/83579","targetHints":{"allow":["GET"]}}],"collection":[{"href":"https:\/\/radiostargjilan.com\/web\/wp-json\/wp\/v2\/posts"}],"about":[{"href":"https:\/\/radiostargjilan.com\/web\/wp-json\/wp\/v2\/types\/post"}],"author":[{"embeddable":true,"href":"https:\/\/radiostargjilan.com\/web\/wp-json\/wp\/v2\/users\/1"}],"replies":[{"embeddable":true,"href":"https:\/\/radiostargjilan.com\/web\/wp-json\/wp\/v2\/comments?post=83579"}],"version-history":[{"count":0,"href":"https:\/\/radiostargjilan.com\/web\/wp-json\/wp\/v2\/posts\/83579\/revisions"}],"wp:featuredmedia":[{"embeddable":true,"href":"https:\/\/radiostargjilan.com\/web\/wp-json\/wp\/v2\/media\/83582"}],"wp:attachment":[{"href":"https:\/\/radiostargjilan.com\/web\/wp-json\/wp\/v2\/media?parent=83579"}],"wp:term":[{"taxonomy":"category","embeddable":true,"href":"https:\/\/radiostargjilan.com\/web\/wp-json\/wp\/v2\/categories?post=83579"},{"taxonomy":"post_tag","embeddable":true,"href":"https:\/\/radiostargjilan.com\/web\/wp-json\/wp\/v2\/tags?post=83579"}],"curies":[{"name":"wp","href":"https:\/\/api.w.org\/{rel}","templated":true}]}}