{"id":83951,"date":"2021-06-14T13:45:25","date_gmt":"2021-06-14T13:45:25","guid":{"rendered":"https:\/\/radiostargjilan.com\/web\/?p=83951"},"modified":"2021-06-14T13:45:25","modified_gmt":"2021-06-14T13:45:25","slug":"lajmi-i-fundit-vjosa-osmani-shkarkon-valdete-daken","status":"publish","type":"post","link":"https:\/\/radiostargjilan.com\/web\/lajmi-i-fundit-vjosa-osmani-shkarkon-valdete-daken\/","title":{"rendered":"LAJMI I FUNDIT: Vjosa Osmani shkarkon Valdete Dak\u00ebn"},"content":{"rendered":"<p>Presidentja e Kosov\u00ebs, Vjosa Osmani, ka shkarkuar Valdete Dak\u00ebn nga pozita e Kryetares s\u00eb Komisionit Qendror t\u00eb Zgjedhjeve (KQZ).<\/p>\n<p>Sot gjat\u00eb dit\u00ebs, Reporteri.net raportoi se Osmani, i ka k\u00ebrkuar Kryetares s\u00eb Komisionit Qendror t\u00eb Zgjedhjeve, Valdete Daka, t\u00eb dor\u00ebhiqet nga pozita e saj n\u00eb k\u00ebt\u00eb institucion dhe n\u00eb k\u00ebmbim do t\u00eb nderohej me nj\u00eb mir\u00ebnjohje.<\/p>\n<p>Reporteri.net m\u00ebson se k\u00ebt\u00eb k\u00ebrkes\u00eb Osmani ia ka b\u00ebr\u00eb Dak\u00ebs n\u00eb takimin e mbajtur sot n\u00eb Presidenc\u00eb.<\/p>\n<p>M\u00ebsohet se k\u00ebrkesa e Osmanit ishte q\u00eb Daka t\u00eb dor\u00ebhiqet nga posti i saj n\u00eb krye t\u00eb KQZ-s\u00eb, e n\u00eb k\u00ebmbim t\u00eb k\u00ebsaj do t\u00eb merrte nj\u00eb mir\u00ebnjohje nga Presidentja.<\/p>\n<p>T\u00eb nj\u00ebjtat burime b\u00ebjn\u00eb me dije se Daka e ka refuzuar k\u00ebrkes\u00ebn e Osmanit, duke deklaruar se detyr\u00ebn e saj e ka kryer n\u00eb p\u00ebrputhje me Kushtetut\u00ebn e Kosov\u00ebs.<\/p>\n<p>Ende nuk dihet se kush do ta z\u00ebvend\u00ebsoj\u00eb Dak\u00ebn n\u00eb k\u00ebt\u00eb institucion.<\/p>\n<p>Ndryshe, Daka \u00ebsht\u00eb em\u00ebruar kryetare e KQZ-s\u00eb m\u00eb 27 prill t\u00eb vitit 2018, nga ish-Presidenti Hashim Tha\u00e7i, nd\u00ebrkaq mandati i saj \u00ebsht\u00eb 5-vje\u00e7ar.<\/p>\n","protected":false},"excerpt":{"rendered":"<p>Presidentja e Kosov\u00ebs, Vjosa Osmani, ka shkarkuar Valdete Dak\u00ebn nga pozita e Kryetares s\u00eb Komisionit Qendror t\u00eb Zgjedhjeve (KQZ). Sot gjat\u00eb dit\u00ebs, Reporteri.net raportoi se Osmani, i ka k\u00ebrkuar Kryetares s\u00eb Komisionit Qendror t\u00eb Zgjedhjeve, Valdete Daka, t\u00eb dor\u00ebhiqet nga pozita e saj n\u00eb k\u00ebt\u00eb institucion dhe n\u00eb k\u00ebmbim do t\u00eb nderohej me nj\u00eb mir\u00ebnjohje. [&hellip;]<\/p>\n","protected":false},"author":1,"featured_media":83952,"comment_status":"closed","ping_status":"closed","sticky":false,"template":"","format":"standard","meta":{"footnotes":""},"categories":[5],"tags":[],"class_list":{"0":"post-83951","1":"post","2":"type-post","3":"status-publish","4":"format-standard","5":"has-post-thumbnail","7":"category-lajme"},"_links":{"self":[{"href":"https:\/\/radiostargjilan.com\/web\/wp-json\/wp\/v2\/posts\/83951","targetHints":{"allow":["GET"]}}],"collection":[{"href":"https:\/\/radiostargjilan.com\/web\/wp-json\/wp\/v2\/posts"}],"about":[{"href":"https:\/\/radiostargjilan.com\/web\/wp-json\/wp\/v2\/types\/post"}],"author":[{"embeddable":true,"href":"https:\/\/radiostargjilan.com\/web\/wp-json\/wp\/v2\/users\/1"}],"replies":[{"embeddable":true,"href":"https:\/\/radiostargjilan.com\/web\/wp-json\/wp\/v2\/comments?post=83951"}],"version-history":[{"count":0,"href":"https:\/\/radiostargjilan.com\/web\/wp-json\/wp\/v2\/posts\/83951\/revisions"}],"wp:featuredmedia":[{"embeddable":true,"href":"https:\/\/radiostargjilan.com\/web\/wp-json\/wp\/v2\/media\/83952"}],"wp:attachment":[{"href":"https:\/\/radiostargjilan.com\/web\/wp-json\/wp\/v2\/media?parent=83951"}],"wp:term":[{"taxonomy":"category","embeddable":true,"href":"https:\/\/radiostargjilan.com\/web\/wp-json\/wp\/v2\/categories?post=83951"},{"taxonomy":"post_tag","embeddable":true,"href":"https:\/\/radiostargjilan.com\/web\/wp-json\/wp\/v2\/tags?post=83951"}],"curies":[{"name":"wp","href":"https:\/\/api.w.org\/{rel}","templated":true}]}}