{"id":83958,"date":"2021-06-14T14:01:55","date_gmt":"2021-06-14T14:01:55","guid":{"rendered":"https:\/\/radiostargjilan.com\/web\/?p=83958"},"modified":"2021-06-14T14:01:55","modified_gmt":"2021-06-14T14:01:55","slug":"shpetim-murtezi-shpallet-referi-vitit-2021-nga-komuna-e-gjilanit","status":"publish","type":"post","link":"https:\/\/radiostargjilan.com\/web\/shpetim-murtezi-shpallet-referi-vitit-2021-nga-komuna-e-gjilanit\/","title":{"rendered":"Shp\u00ebtim Murtezi shpallet referi vitit 2021 nga Komuna e Gjilanit"},"content":{"rendered":"<p>Gjyqtari gjilanas pranoi k\u00ebt\u00eb \u00e7mim nga Komuna e Gjilanit p\u00ebrmes nj\u00eb ceremonie qe u mbajt n\u00eb Astoria me mysafir\u00eb, t\u00eb cilin atij ia ndau Malazog Hoxha kryetar i Lidhjes Rajonale t\u00eb Futbollit<\/p>\n<p>Murtezi ishte gjyqtari me notat m\u00eb t\u00eb mira p\u00ebr ndeshje n\u00eb vitin 2021, teksa pati paraqitje mjaft t\u00eb mira n\u00eb shum\u00eb ndeshje derbi.<\/p>\n","protected":false},"excerpt":{"rendered":"<p>Gjyqtari gjilanas pranoi k\u00ebt\u00eb \u00e7mim nga Komuna e Gjilanit p\u00ebrmes nj\u00eb ceremonie qe u mbajt n\u00eb Astoria me mysafir\u00eb, t\u00eb cilin atij ia ndau Malazog Hoxha kryetar i Lidhjes Rajonale t\u00eb Futbollit Murtezi ishte gjyqtari me notat m\u00eb t\u00eb mira p\u00ebr ndeshje n\u00eb vitin 2021, teksa pati paraqitje mjaft t\u00eb mira n\u00eb shum\u00eb ndeshje derbi.<\/p>\n","protected":false},"author":1,"featured_media":83955,"comment_status":"closed","ping_status":"closed","sticky":false,"template":"","format":"standard","meta":{"footnotes":""},"categories":[7],"tags":[],"class_list":{"0":"post-83958","1":"post","2":"type-post","3":"status-publish","4":"format-standard","5":"has-post-thumbnail","7":"category-sports"},"_links":{"self":[{"href":"https:\/\/radiostargjilan.com\/web\/wp-json\/wp\/v2\/posts\/83958","targetHints":{"allow":["GET"]}}],"collection":[{"href":"https:\/\/radiostargjilan.com\/web\/wp-json\/wp\/v2\/posts"}],"about":[{"href":"https:\/\/radiostargjilan.com\/web\/wp-json\/wp\/v2\/types\/post"}],"author":[{"embeddable":true,"href":"https:\/\/radiostargjilan.com\/web\/wp-json\/wp\/v2\/users\/1"}],"replies":[{"embeddable":true,"href":"https:\/\/radiostargjilan.com\/web\/wp-json\/wp\/v2\/comments?post=83958"}],"version-history":[{"count":0,"href":"https:\/\/radiostargjilan.com\/web\/wp-json\/wp\/v2\/posts\/83958\/revisions"}],"wp:featuredmedia":[{"embeddable":true,"href":"https:\/\/radiostargjilan.com\/web\/wp-json\/wp\/v2\/media\/83955"}],"wp:attachment":[{"href":"https:\/\/radiostargjilan.com\/web\/wp-json\/wp\/v2\/media?parent=83958"}],"wp:term":[{"taxonomy":"category","embeddable":true,"href":"https:\/\/radiostargjilan.com\/web\/wp-json\/wp\/v2\/categories?post=83958"},{"taxonomy":"post_tag","embeddable":true,"href":"https:\/\/radiostargjilan.com\/web\/wp-json\/wp\/v2\/tags?post=83958"}],"curies":[{"name":"wp","href":"https:\/\/api.w.org\/{rel}","templated":true}]}}