{"id":83983,"date":"2021-06-14T20:32:24","date_gmt":"2021-06-14T20:32:24","guid":{"rendered":"https:\/\/radiostargjilan.com\/web\/?p=83983"},"modified":"2021-06-14T20:32:24","modified_gmt":"2021-06-14T20:32:24","slug":"selim-halabaku-erlis-xhemajli-dhe-arbnor-ferati-nga-sc-gjilani-ftohen-nga-perfaqesuesja-e-kosoves-u-19","status":"publish","type":"post","link":"https:\/\/radiostargjilan.com\/web\/selim-halabaku-erlis-xhemajli-dhe-arbnor-ferati-nga-sc-gjilani-ftohen-nga-perfaqesuesja-e-kosoves-u-19\/","title":{"rendered":"Selim Halabaku, Erlis Xhemajli dhe Arbnor Ferati nga SC Gjilani ftohen nga p\u00ebrfaq\u00ebsuesja e Kosov\u00ebs U-19"},"content":{"rendered":"<p>N\u00eb grumbullimin e radh\u00ebs t\u00eb futbollist\u00ebve t\u00eb grupmosh\u00ebs U-19 nga p\u00ebrfaq\u00ebsuesja e Kosov\u00ebs, i cili u mbajt n\u00eb datat 12 deri m\u00eb 14 qershor, aty jan\u00eb ftuar edhe 3 futbollist\u00eb nga ekipi i SC Gjilani i k\u00ebsaj grupmoshe.<\/p>\n<p>Selim Halabaku, Erlis Xhemajli dhe Arbnor Ferati jan\u00eb futbollist\u00ebt e ftuar nga p\u00ebrfaq\u00ebsuesja jon\u00eb, e cila n\u00eb k\u00ebt\u00eb grumbullim do t\u2019i zhvilloj edhe dy miq\u00ebsore p\u00ebrball bashk\u00ebmoshatar\u00ebve t\u00eb Shqip\u00ebris\u00eb n\u00eb datat 16 dhe 18 qershor.<\/p>\n<p>I ftuar ishte gjithashtu edhe futbollisti Fatlum Leka, i cili p\u00ebr arsye t\u00eb operimit nga l\u00ebndimi t\u00eb cilin e kishte, e pati t\u00eb pa mundur t\u2019i p\u00ebrgjigjej pozitivisht k\u00ebsaj ftese.<\/p>\n<p>Pa dyshim se p\u00ebr k\u00ebto t\u00eb arritura nj\u00eb merit\u00eb e ve\u00e7ant\u00eb shkon p\u00ebr trajnerin e k\u00ebsaj ekipe, Premton Muja, i cili \u00ebsht\u00eb sivjet \u00ebsht\u00eb shpallur n\u00ebnkampion i Kosov\u00ebs p\u00ebr junior\u00eb.<\/p>\n<p>Ne i urojm\u00eb paraqitje t\u00eb mira futbollist\u00ebve tan\u00eb n\u00eb k\u00ebto dy duele v\u00ebllaz\u00ebrore p\u00ebrball Shqip\u00ebris\u00eb.<\/p>\n","protected":false},"excerpt":{"rendered":"<p>N\u00eb grumbullimin e radh\u00ebs t\u00eb futbollist\u00ebve t\u00eb grupmosh\u00ebs U-19 nga p\u00ebrfaq\u00ebsuesja e Kosov\u00ebs, i cili u mbajt n\u00eb datat 12 deri m\u00eb 14 qershor, aty jan\u00eb ftuar edhe 3 futbollist\u00eb nga ekipi i SC Gjilani i k\u00ebsaj grupmoshe. Selim Halabaku, Erlis Xhemajli dhe Arbnor Ferati jan\u00eb futbollist\u00ebt e ftuar nga p\u00ebrfaq\u00ebsuesja jon\u00eb, e cila n\u00eb [&hellip;]<\/p>\n","protected":false},"author":1,"featured_media":83984,"comment_status":"closed","ping_status":"closed","sticky":false,"template":"","format":"standard","meta":{"footnotes":""},"categories":[7],"tags":[],"class_list":{"0":"post-83983","1":"post","2":"type-post","3":"status-publish","4":"format-standard","5":"has-post-thumbnail","7":"category-sports"},"_links":{"self":[{"href":"https:\/\/radiostargjilan.com\/web\/wp-json\/wp\/v2\/posts\/83983","targetHints":{"allow":["GET"]}}],"collection":[{"href":"https:\/\/radiostargjilan.com\/web\/wp-json\/wp\/v2\/posts"}],"about":[{"href":"https:\/\/radiostargjilan.com\/web\/wp-json\/wp\/v2\/types\/post"}],"author":[{"embeddable":true,"href":"https:\/\/radiostargjilan.com\/web\/wp-json\/wp\/v2\/users\/1"}],"replies":[{"embeddable":true,"href":"https:\/\/radiostargjilan.com\/web\/wp-json\/wp\/v2\/comments?post=83983"}],"version-history":[{"count":0,"href":"https:\/\/radiostargjilan.com\/web\/wp-json\/wp\/v2\/posts\/83983\/revisions"}],"wp:featuredmedia":[{"embeddable":true,"href":"https:\/\/radiostargjilan.com\/web\/wp-json\/wp\/v2\/media\/83984"}],"wp:attachment":[{"href":"https:\/\/radiostargjilan.com\/web\/wp-json\/wp\/v2\/media?parent=83983"}],"wp:term":[{"taxonomy":"category","embeddable":true,"href":"https:\/\/radiostargjilan.com\/web\/wp-json\/wp\/v2\/categories?post=83983"},{"taxonomy":"post_tag","embeddable":true,"href":"https:\/\/radiostargjilan.com\/web\/wp-json\/wp\/v2\/tags?post=83983"}],"curies":[{"name":"wp","href":"https:\/\/api.w.org\/{rel}","templated":true}]}}