{"id":83986,"date":"2021-06-14T20:37:41","date_gmt":"2021-06-14T20:37:41","guid":{"rendered":"https:\/\/radiostargjilan.com\/web\/?p=83986"},"modified":"2021-06-14T20:37:41","modified_gmt":"2021-06-14T20:37:41","slug":"edhe-nje-gjilanas-ne-perfaqesuesen-e-kosoves-u19","status":"publish","type":"post","link":"https:\/\/radiostargjilan.com\/web\/edhe-nje-gjilanas-ne-perfaqesuesen-e-kosoves-u19\/","title":{"rendered":"Edhe nj\u00eb Gjilanas n\u00eb P\u00ebrfaqesuesen e Kosov\u00ebs U19"},"content":{"rendered":"<p>\u00cbsht\u00eb Genc Hyseni, nga Malisheva e Gjilanit, i lindur m\u00eb 01\/11\/2003, i cili karrieren si futbollist e ka filluar te kategorit\u00eb e reja, n\u00eb KF Shk\u00ebndija Gjilan, n\u00ebn p\u00ebrkujdesjen e trajnerit Veton Xhemajli.<br \/>\nAktualisht \u00ebsht\u00eb futbollist i KF Ramiz Sadikut U19 nga Prishtina.<\/p>\n<p>Genci, pas nj\u00eb kampionati t\u00eb suksessh\u00ebm n\u00eb Superlig\u00ebn e Junior\u00ebve dhe grumbullimit t\u00eb p\u00ebrfaq\u00ebsueses p\u00ebr tri dit\u00eb radhazi, 12, 13 dhe 14 qershor, \u00ebsht\u00eb seleksionuar p\u00ebr ndeshjen kund\u00ebr Komb\u00ebtares s\u00eb Shqip\u00ebris\u00eb U19.<br \/>\nGenci \u00ebsht\u00eb nj\u00eb futbollist shum\u00eb premtues, deri tani \u00ebsht\u00eb angazhuar mesfushor ofanziv dhe n\u00eb repartin e sulmit.<\/p>\n<p><a href=\"https:\/\/radiostargjilan.com\/web\/wp-content\/uploads\/2021\/06\/209E7540-8AF0-49A9-9CCA-E6FCC186F6A8.jpeg\"><img loading=\"lazy\" loading=\"lazy\" decoding=\"async\" src=\"https:\/\/radiostargjilan.com\/web\/wp-content\/uploads\/2021\/06\/209E7540-8AF0-49A9-9CCA-E6FCC186F6A8.jpeg\" alt=\"\" width=\"720\" height=\"480\" class=\"aligncenter size-full wp-image-83988\" srcset=\"https:\/\/radiostargjilan.com\/web\/wp-content\/uploads\/2021\/06\/209E7540-8AF0-49A9-9CCA-E6FCC186F6A8.jpeg 720w, https:\/\/radiostargjilan.com\/web\/wp-content\/uploads\/2021\/06\/209E7540-8AF0-49A9-9CCA-E6FCC186F6A8-300x200.jpeg 300w\" sizes=\"auto, (max-width: 720px) 100vw, 720px\" \/><\/a><\/p>\n<p>Aktualisht ka disa oferta nga klubet rajonale p\u00ebrfshir\u00eb Kosov\u00ebn, Maqedonin\u00eb, Shqip\u00ebrin\u00eb, por pritet q\u00eb gjat\u00eb k\u00ebsaj vere t\u00eb jet\u00eb n\u00eb prova n\u00eb nj\u00eb nga klubet e shteteve n\u00eb Gjermani dhe Zvic\u00ebrr.<\/p>\n","protected":false},"excerpt":{"rendered":"<p>\u00cbsht\u00eb Genc Hyseni, nga Malisheva e Gjilanit, i lindur m\u00eb 01\/11\/2003, i cili karrieren si futbollist e ka filluar te kategorit\u00eb e reja, n\u00eb KF Shk\u00ebndija Gjilan, n\u00ebn p\u00ebrkujdesjen e trajnerit Veton Xhemajli. Aktualisht \u00ebsht\u00eb futbollist i KF Ramiz Sadikut U19 nga Prishtina. Genci, pas nj\u00eb kampionati t\u00eb suksessh\u00ebm n\u00eb Superlig\u00ebn e Junior\u00ebve dhe grumbullimit [&hellip;]<\/p>\n","protected":false},"author":1,"featured_media":83987,"comment_status":"closed","ping_status":"closed","sticky":false,"template":"","format":"standard","meta":{"footnotes":""},"categories":[7],"tags":[],"class_list":{"0":"post-83986","1":"post","2":"type-post","3":"status-publish","4":"format-standard","5":"has-post-thumbnail","7":"category-sports"},"_links":{"self":[{"href":"https:\/\/radiostargjilan.com\/web\/wp-json\/wp\/v2\/posts\/83986","targetHints":{"allow":["GET"]}}],"collection":[{"href":"https:\/\/radiostargjilan.com\/web\/wp-json\/wp\/v2\/posts"}],"about":[{"href":"https:\/\/radiostargjilan.com\/web\/wp-json\/wp\/v2\/types\/post"}],"author":[{"embeddable":true,"href":"https:\/\/radiostargjilan.com\/web\/wp-json\/wp\/v2\/users\/1"}],"replies":[{"embeddable":true,"href":"https:\/\/radiostargjilan.com\/web\/wp-json\/wp\/v2\/comments?post=83986"}],"version-history":[{"count":0,"href":"https:\/\/radiostargjilan.com\/web\/wp-json\/wp\/v2\/posts\/83986\/revisions"}],"wp:featuredmedia":[{"embeddable":true,"href":"https:\/\/radiostargjilan.com\/web\/wp-json\/wp\/v2\/media\/83987"}],"wp:attachment":[{"href":"https:\/\/radiostargjilan.com\/web\/wp-json\/wp\/v2\/media?parent=83986"}],"wp:term":[{"taxonomy":"category","embeddable":true,"href":"https:\/\/radiostargjilan.com\/web\/wp-json\/wp\/v2\/categories?post=83986"},{"taxonomy":"post_tag","embeddable":true,"href":"https:\/\/radiostargjilan.com\/web\/wp-json\/wp\/v2\/tags?post=83986"}],"curies":[{"name":"wp","href":"https:\/\/api.w.org\/{rel}","templated":true}]}}