{"id":84191,"date":"2021-06-17T12:24:31","date_gmt":"2021-06-17T12:24:31","guid":{"rendered":"https:\/\/radiostargjilan.com\/web\/?p=84191"},"modified":"2021-06-17T12:24:31","modified_gmt":"2021-06-17T12:24:31","slug":"gazetari-berat-buzhala-zgjedh-fotografine-e-gjilanasit-shaban-terziu-per-ti-rikujtuar-kurtit-dashurine-e-shqiptareve-per-shba-te","status":"publish","type":"post","link":"https:\/\/radiostargjilan.com\/web\/gazetari-berat-buzhala-zgjedh-fotografine-e-gjilanasit-shaban-terziu-per-ti-rikujtuar-kurtit-dashurine-e-shqiptareve-per-shba-te\/","title":{"rendered":"Gazetari Berat Buzhala zgjedh fotografin\u00eb e gjilanasit Shaban Terziu p\u00ebr t`i rikujtuar Kurtit dashurin\u00eb e shqiptar\u00ebve p\u00ebr SHBA-t\u00eb"},"content":{"rendered":"<p>Gazetari Berat Buzhala zgjedh fotografin\u00eb e gjilanasit Shaban Terziu p\u00ebr t`i rikujtuar Kurtit dashurin\u00eb e shqiptar\u00ebve p\u00ebr SHBA-t\u00eb<\/p>\n<p>Cdo dite e me teper Kryeministri Kurti do ta coje vendin drejt konfrontimit me Shtetet e Bashkuara te Amerikes dhe Shtepine e Bardhe. Intervista e Kurtit sot, ku ai tallet me ambasadorin Kosnett, shenon fillimin e ketyre tensioneve.<br \/>\nKryeministri Kurti ne esence eshte antiamerikan. E kaluara e tij eshte e tille. Ai nuk eshte antiamerikan, sic eshte bie fjala, dikush ne Lindjen e Mesme, ose ndonje pjesetare i ndonje organizate terroriste. Jo, Kurti perfaqeson tjeter anti amerikanizem. Ai e urrene sistemin politik atje dhe vlerat qe SHBA i shperndane ne bote.<br \/>\nKurse ju te tjeret qe e keni votuar ate, kurre mos e harroni kete foto. Kjo eshte bere ne Viti ne vitin 1999, ku nje banor i kesaj komune e ka zgjedhur kete forme me e falenderu Ameriken.<br \/>\nVitin e kaluar, shume prej jush, e keni hanger karremin, kur keni mendu qe Kurti ka probleme me Grenellin ose Trumpin. Jo, problemet e tij jane shume me te thella se sa aq. Vjet ishte vec nje mundesi e mire e tij me u kamuflu si i tille.<\/p>\n","protected":false},"excerpt":{"rendered":"<p>Gazetari Berat Buzhala zgjedh fotografin\u00eb e gjilanasit Shaban Terziu p\u00ebr t`i rikujtuar Kurtit dashurin\u00eb e shqiptar\u00ebve p\u00ebr SHBA-t\u00eb Cdo dite e me teper Kryeministri Kurti do ta coje vendin drejt konfrontimit me Shtetet e Bashkuara te Amerikes dhe Shtepine e Bardhe. Intervista e Kurtit sot, ku ai tallet me ambasadorin Kosnett, shenon fillimin e ketyre [&hellip;]<\/p>\n","protected":false},"author":1,"featured_media":84192,"comment_status":"closed","ping_status":"closed","sticky":false,"template":"","format":"standard","meta":{"footnotes":""},"categories":[5],"tags":[],"class_list":{"0":"post-84191","1":"post","2":"type-post","3":"status-publish","4":"format-standard","5":"has-post-thumbnail","7":"category-lajme"},"_links":{"self":[{"href":"https:\/\/radiostargjilan.com\/web\/wp-json\/wp\/v2\/posts\/84191","targetHints":{"allow":["GET"]}}],"collection":[{"href":"https:\/\/radiostargjilan.com\/web\/wp-json\/wp\/v2\/posts"}],"about":[{"href":"https:\/\/radiostargjilan.com\/web\/wp-json\/wp\/v2\/types\/post"}],"author":[{"embeddable":true,"href":"https:\/\/radiostargjilan.com\/web\/wp-json\/wp\/v2\/users\/1"}],"replies":[{"embeddable":true,"href":"https:\/\/radiostargjilan.com\/web\/wp-json\/wp\/v2\/comments?post=84191"}],"version-history":[{"count":0,"href":"https:\/\/radiostargjilan.com\/web\/wp-json\/wp\/v2\/posts\/84191\/revisions"}],"wp:featuredmedia":[{"embeddable":true,"href":"https:\/\/radiostargjilan.com\/web\/wp-json\/wp\/v2\/media\/84192"}],"wp:attachment":[{"href":"https:\/\/radiostargjilan.com\/web\/wp-json\/wp\/v2\/media?parent=84191"}],"wp:term":[{"taxonomy":"category","embeddable":true,"href":"https:\/\/radiostargjilan.com\/web\/wp-json\/wp\/v2\/categories?post=84191"},{"taxonomy":"post_tag","embeddable":true,"href":"https:\/\/radiostargjilan.com\/web\/wp-json\/wp\/v2\/tags?post=84191"}],"curies":[{"name":"wp","href":"https:\/\/api.w.org\/{rel}","templated":true}]}}