{"id":84197,"date":"2021-06-17T13:10:20","date_gmt":"2021-06-17T13:10:20","guid":{"rendered":"https:\/\/radiostargjilan.com\/web\/?p=84197"},"modified":"2021-06-17T13:10:20","modified_gmt":"2021-06-17T13:10:20","slug":"ergyn-ahmeti-largohet-nga-drita","status":"publish","type":"post","link":"https:\/\/radiostargjilan.com\/web\/ergyn-ahmeti-largohet-nga-drita\/","title":{"rendered":"Ergyn Ahmeti largohet nga Drita"},"content":{"rendered":"<p>Vajtjet dhe ardhjet n\u00eb afatin kalimtar t\u00eb ver\u00ebs po b\u00ebhen shum\u00eb interesante k\u00ebt\u00eb vit n\u00eb futbollin kosovar.<\/p>\n<p>Radio Star nga burimet brenda klubit m\u00ebson  se mesfushori i Drit\u00ebs, Ergyn Ahmeti, nuk do jet\u00eb pjes\u00eb e \u201cbardhekalt\u00ebrve\u201d p\u00ebr sezonin e ri.<\/p>\n<p>Zyrtarizimi \u00ebsht\u00eb vet\u00ebm \u00e7\u00ebshtje kohe.<\/p>\n<p>Kujtojm\u00eb q\u00eb Ahmeti m\u00eb par\u00eb ka mbrojtur ngjyrat e Trep\u00e7\u00ebs dhe Prishtin\u00ebs.<\/p>\n","protected":false},"excerpt":{"rendered":"<p>Vajtjet dhe ardhjet n\u00eb afatin kalimtar t\u00eb ver\u00ebs po b\u00ebhen shum\u00eb interesante k\u00ebt\u00eb vit n\u00eb futbollin kosovar. Radio Star nga burimet brenda klubit m\u00ebson se mesfushori i Drit\u00ebs, Ergyn Ahmeti, nuk do jet\u00eb pjes\u00eb e \u201cbardhekalt\u00ebrve\u201d p\u00ebr sezonin e ri. Zyrtarizimi \u00ebsht\u00eb vet\u00ebm \u00e7\u00ebshtje kohe. Kujtojm\u00eb q\u00eb Ahmeti m\u00eb par\u00eb ka mbrojtur ngjyrat e Trep\u00e7\u00ebs [&hellip;]<\/p>\n","protected":false},"author":1,"featured_media":84198,"comment_status":"closed","ping_status":"closed","sticky":false,"template":"","format":"standard","meta":{"footnotes":""},"categories":[7],"tags":[],"class_list":{"0":"post-84197","1":"post","2":"type-post","3":"status-publish","4":"format-standard","5":"has-post-thumbnail","7":"category-sports"},"_links":{"self":[{"href":"https:\/\/radiostargjilan.com\/web\/wp-json\/wp\/v2\/posts\/84197","targetHints":{"allow":["GET"]}}],"collection":[{"href":"https:\/\/radiostargjilan.com\/web\/wp-json\/wp\/v2\/posts"}],"about":[{"href":"https:\/\/radiostargjilan.com\/web\/wp-json\/wp\/v2\/types\/post"}],"author":[{"embeddable":true,"href":"https:\/\/radiostargjilan.com\/web\/wp-json\/wp\/v2\/users\/1"}],"replies":[{"embeddable":true,"href":"https:\/\/radiostargjilan.com\/web\/wp-json\/wp\/v2\/comments?post=84197"}],"version-history":[{"count":0,"href":"https:\/\/radiostargjilan.com\/web\/wp-json\/wp\/v2\/posts\/84197\/revisions"}],"wp:featuredmedia":[{"embeddable":true,"href":"https:\/\/radiostargjilan.com\/web\/wp-json\/wp\/v2\/media\/84198"}],"wp:attachment":[{"href":"https:\/\/radiostargjilan.com\/web\/wp-json\/wp\/v2\/media?parent=84197"}],"wp:term":[{"taxonomy":"category","embeddable":true,"href":"https:\/\/radiostargjilan.com\/web\/wp-json\/wp\/v2\/categories?post=84197"},{"taxonomy":"post_tag","embeddable":true,"href":"https:\/\/radiostargjilan.com\/web\/wp-json\/wp\/v2\/tags?post=84197"}],"curies":[{"name":"wp","href":"https:\/\/api.w.org\/{rel}","templated":true}]}}