{"id":84216,"date":"2021-06-17T19:18:05","date_gmt":"2021-06-17T19:18:05","guid":{"rendered":"https:\/\/radiostargjilan.com\/web\/?p=84216"},"modified":"2021-06-17T19:18:05","modified_gmt":"2021-06-17T19:18:05","slug":"viti-i-ri-shkollor-mund-te-filloje-me-prezence-fizike","status":"publish","type":"post","link":"https:\/\/radiostargjilan.com\/web\/viti-i-ri-shkollor-mund-te-filloje-me-prezence-fizike\/","title":{"rendered":"Viti i ri shkollor mund t\u00eb filloj\u00eb me prezenc\u00eb fizike"},"content":{"rendered":"<p>Ministrja e Arsimit, Arb\u00ebrie Nagavci, ka deklaruar se jan\u00eb t\u00eb interesuar q\u00eb vitin e ri shkollor 2021-2022 ta fillojm\u00eb me prezenc\u00eb fizike n\u00eb shkolla dhe me orar t\u00eb rregullt.<\/p>\n<p>K\u00ebt\u00eb ajo e b\u00ebri t\u00eb ditur me an\u00eb t\u00eb nj\u00eb postimi n\u00eb Facebook, duke th\u00ebn\u00eb se pandemia ka shkaktuar \u00e7rregullime t\u00eb shumta edhe n\u00eb arsim.<\/p>\n<p>\u201cN\u00eb m\u00ebnyr\u00eb q\u00eb viti shkollor t\u00eb filloj\u00eb me koh\u00eb dhe pa probleme, jemi p\u00ebrkujdesur q\u00eb n\u00eb mesin e personave t\u00eb vaksinuar kund\u00ebr Covid-19 t\u00eb jen\u00eb edhe m\u00ebsimdh\u00ebn\u00ebsit\u201d.<\/p>\n<p>\u201cE kemi diskutuar me koh\u00eb me Ministrin e Sh\u00ebndet\u00ebsis\u00eb, zt. Arben Vitia dhe tashm\u00eb po realizohet edhe vaksinimi i m\u00ebsimdh\u00ebn\u00ebsve\u201d, ka shkruar mes tjerash Nagavci.<\/p>\n<p>Postimi i plot\u00eb:<\/p>\n<p>Pandemia ka shkaktuar \u00e7rregullime t\u00eb shumta edhe n\u00eb arsim andaj jemi shum\u00eb t\u00eb interesuar q\u00eb vitin e ri shkollor 2021-2022, ta fillojm\u00eb me prezenc\u00eb fizike dhe me orar t\u00eb rregullt.<\/p>\n<p>N\u00eb m\u00ebnyr\u00eb q\u00eb viti shkollor t\u00eb filloj\u00eb me koh\u00eb dhe pa probleme, jemi p\u00ebrkujdesur q\u00eb n\u00eb mesin e personave t\u00eb vaksinuar kund\u00ebr Covid-19 t\u00eb jen\u00eb edhe m\u00ebsimdh\u00ebn\u00ebsit. E kemi diskutuar me koh\u00eb me Ministrin e Sh\u00ebndet\u00ebsis\u00eb, zt. Arben Vitia dhe tashm\u00eb po realizohet edhe vaksionimi i m\u00ebsimdh\u00ebn\u00ebsve.<\/p>\n<p>T\u00eb m\u00ebrkur\u00ebn jemi njoftuar zyrtarisht nga Ministria e Sh\u00ebndet\u00ebsis\u00eb se n\u00eb mesin e personave q\u00eb do t\u00eb vaksinohen n\u00eb vijim, p\u00ebrve\u00e7 personave mbi mosh\u00ebn 65 vje\u00e7are, t\u00eb s\u00ebmur\u00ebve kronik e pun\u00ebtor\u00ebve sh\u00ebndet\u00ebsor\u00eb , do t\u00eb jen\u00eb edhe m\u00ebsimdh\u00ebn\u00ebsit. K\u00ebt\u00eb informat\u00eb e kemi p\u00ebrcjell\u00eb sot edhe tek Drejtorit\u00eb Komunale t\u00eb Arsimit t\u00eb cilat do t\u2019i informojn\u00eb shkollat me detajet e k\u00ebtij procesi. \u00c7do individ apo institucion duhet t\u00eb aplikoj\u00eb p\u00ebr caktim t\u00eb terminit n\u00eb eKosova, sipas njoftimeve t\u00eb MSh-s\u00eb p\u00ebr kategorit\u00eb q\u00eb do t\u00eb vaksinohen sipas Planit Shtet\u00ebror t\u00eb Vaksinimit kund\u00ebr COVID-19.<\/p>\n","protected":false},"excerpt":{"rendered":"<p>Ministrja e Arsimit, Arb\u00ebrie Nagavci, ka deklaruar se jan\u00eb t\u00eb interesuar q\u00eb vitin e ri shkollor 2021-2022 ta fillojm\u00eb me prezenc\u00eb fizike n\u00eb shkolla dhe me orar t\u00eb rregullt. K\u00ebt\u00eb ajo e b\u00ebri t\u00eb ditur me an\u00eb t\u00eb nj\u00eb postimi n\u00eb Facebook, duke th\u00ebn\u00eb se pandemia ka shkaktuar \u00e7rregullime t\u00eb shumta edhe n\u00eb arsim. \u201cN\u00eb [&hellip;]<\/p>\n","protected":false},"author":1,"featured_media":84217,"comment_status":"closed","ping_status":"closed","sticky":false,"template":"","format":"standard","meta":{"footnotes":""},"categories":[5],"tags":[],"class_list":{"0":"post-84216","1":"post","2":"type-post","3":"status-publish","4":"format-standard","5":"has-post-thumbnail","7":"category-lajme"},"_links":{"self":[{"href":"https:\/\/radiostargjilan.com\/web\/wp-json\/wp\/v2\/posts\/84216","targetHints":{"allow":["GET"]}}],"collection":[{"href":"https:\/\/radiostargjilan.com\/web\/wp-json\/wp\/v2\/posts"}],"about":[{"href":"https:\/\/radiostargjilan.com\/web\/wp-json\/wp\/v2\/types\/post"}],"author":[{"embeddable":true,"href":"https:\/\/radiostargjilan.com\/web\/wp-json\/wp\/v2\/users\/1"}],"replies":[{"embeddable":true,"href":"https:\/\/radiostargjilan.com\/web\/wp-json\/wp\/v2\/comments?post=84216"}],"version-history":[{"count":0,"href":"https:\/\/radiostargjilan.com\/web\/wp-json\/wp\/v2\/posts\/84216\/revisions"}],"wp:featuredmedia":[{"embeddable":true,"href":"https:\/\/radiostargjilan.com\/web\/wp-json\/wp\/v2\/media\/84217"}],"wp:attachment":[{"href":"https:\/\/radiostargjilan.com\/web\/wp-json\/wp\/v2\/media?parent=84216"}],"wp:term":[{"taxonomy":"category","embeddable":true,"href":"https:\/\/radiostargjilan.com\/web\/wp-json\/wp\/v2\/categories?post=84216"},{"taxonomy":"post_tag","embeddable":true,"href":"https:\/\/radiostargjilan.com\/web\/wp-json\/wp\/v2\/tags?post=84216"}],"curies":[{"name":"wp","href":"https:\/\/api.w.org\/{rel}","templated":true}]}}