{"id":8450,"date":"2016-11-25T11:25:55","date_gmt":"2016-11-25T11:25:55","guid":{"rendered":"http:\/\/radiostargjilan.com\/web\/?p=8450"},"modified":"2016-11-25T11:25:55","modified_gmt":"2016-11-25T11:25:55","slug":"gjilani-shenon-diten-nderkombetare-kunder-dhunes-ndaj-gruas","status":"publish","type":"post","link":"https:\/\/radiostargjilan.com\/web\/gjilani-shenon-diten-nderkombetare-kunder-dhunes-ndaj-gruas\/","title":{"rendered":"Gjilani sh\u00ebnon Dit\u00ebn Nd\u00ebrkomb\u00ebtare kund\u00ebr dhun\u00ebs ndaj gruas"},"content":{"rendered":"<p>Gjilan, 25 n\u00ebntor 2016 \/ Simbolikisht sot Gjilani ka sh\u00ebnuar Dit\u00ebn Nd\u00ebrkomb\u00ebtare kund\u00ebr dhun\u00ebs ndaj gruas, aktivitet n\u00eb t\u00eb cilin kan\u00eb marr\u00eb pjes\u00eb kryetari i Komun\u00ebs s\u00eb Gjilanit, Lutfi Haziri, me kabinetin e tij, nga ku me zblimin e panos kund\u00ebr dhun\u00ebs ndaj gruas, kan\u00eb bartur mesazhin e fuqish\u00ebm p\u00ebr ndalim t\u00eb dhun\u00ebs dhe ecje p\u00ebrpara drejt\u00eb nj\u00eb familje t\u00eb sh\u00ebndosh\u00eb dhe me harmoni t\u00eb plot\u00eb e me respekt t\u00eb nd\u00ebrsjell mes dy gjinive.<\/p>\n<p>Kryetari Haziri ka th\u00ebn\u00eb se dhuna ndaj gruas \u00ebsht\u00eb nj\u00eb dob\u00ebsi e burrit, \u00ebsht\u00eb shkelje e turpshme e ligjit kur merret parasysh\u00eb viktima e asaj dhune dhe n\u00eb p\u00ebrgjith\u00ebsi n\u00eb asnj\u00eb m\u00ebnyr\u00eb nuk \u00ebsht\u00eb zgjidhje, por \u00ebsht\u00eb vet\u00ebm nj\u00eb regres i madh dhe nj\u00eb dob\u00ebsi e shoq\u00ebris\u00eb me t\u00eb cil\u00ebn po p\u00ebrballet e gjith\u00eb bota.<br \/>\n\u200b<br \/>\n\u201cDhuna ndaj gruas \u00ebsht\u00eb dhun\u00eb e turpit q\u00eb mund t\u00eb b\u00ebj\u00eb burri. Ka shum\u00eb arsye q\u00eb ajo t\u00eb mos ndodh\u00eb dhe poashtu ka shum\u00eb arsye q\u00eb gruaja t\u00eb \u00e7mohet, t\u00eb vler\u00ebsohet dhe t\u00eb jet\u00eb mb\u00ebshtet\u00ebse e fuqishme e burrit gjat\u00eb gjith\u00eb jet\u00ebs si shtyllw tashmw e dwshmuar e familjes. Sot, sikur \u00e7do vit jemi k\u00ebtu bashk\u00ebrisht q\u00eb publikisht t\u00eb themi, \u201cndal dhun\u00ebs ndaj gruas\u201d. Dhuna nuk ka justifikim asnj\u00ebher\u00eb n\u00eb asnj\u00eb m\u00ebnyr\u00eb, prandaj t\u00eb jemi bashk\u00eb t\u00eb gjith\u00eb, q\u00eb dhun\u00ebn to mos e kemi n\u00eb fjalorin e Kosov\u00ebs, e posaq\u00ebrisht t\u00eb qytetar\u00ebve t\u00eb Gjilanit\u201d, ka th\u00ebn\u00eb mes tjerash, kryetari Haziri, derisa mbante t\u00eb veshur fanel\u00ebn me kordel\u00ebn e bardh\u00eb, n\u00eb aktivitetin e p\u00ebrbashk\u00ebt t\u00eb grave dhe burrave gjilanas.<\/p>\n<p>Ndryshe ky aktivitet \u00ebsht\u00eb organizuar nga Zyra p\u00ebr Barazi Gjinore n\u00eb Gjilan me mb\u00ebshtetje t\u00eb fuqishme t\u00eb kryetarit Haziri. \u200b<\/p>\n","protected":false},"excerpt":{"rendered":"<p>Gjilan, 25 n\u00ebntor 2016 \/ Simbolikisht sot Gjilani ka sh\u00ebnuar Dit\u00ebn Nd\u00ebrkomb\u00ebtare kund\u00ebr dhun\u00ebs ndaj gruas, aktivitet n\u00eb t\u00eb cilin kan\u00eb marr\u00eb pjes\u00eb kryetari i Komun\u00ebs s\u00eb Gjilanit, Lutfi Haziri, me kabinetin e tij, nga ku me zblimin e panos kund\u00ebr dhun\u00ebs ndaj gruas, kan\u00eb bartur mesazhin e fuqish\u00ebm p\u00ebr ndalim t\u00eb dhun\u00ebs dhe ecje [&hellip;]<\/p>\n","protected":false},"author":1,"featured_media":8451,"comment_status":"closed","ping_status":"closed","sticky":false,"template":"","format":"standard","meta":{"footnotes":""},"categories":[5],"tags":[],"class_list":{"0":"post-8450","1":"post","2":"type-post","3":"status-publish","4":"format-standard","5":"has-post-thumbnail","7":"category-lajme"},"_links":{"self":[{"href":"https:\/\/radiostargjilan.com\/web\/wp-json\/wp\/v2\/posts\/8450","targetHints":{"allow":["GET"]}}],"collection":[{"href":"https:\/\/radiostargjilan.com\/web\/wp-json\/wp\/v2\/posts"}],"about":[{"href":"https:\/\/radiostargjilan.com\/web\/wp-json\/wp\/v2\/types\/post"}],"author":[{"embeddable":true,"href":"https:\/\/radiostargjilan.com\/web\/wp-json\/wp\/v2\/users\/1"}],"replies":[{"embeddable":true,"href":"https:\/\/radiostargjilan.com\/web\/wp-json\/wp\/v2\/comments?post=8450"}],"version-history":[{"count":0,"href":"https:\/\/radiostargjilan.com\/web\/wp-json\/wp\/v2\/posts\/8450\/revisions"}],"wp:featuredmedia":[{"embeddable":true,"href":"https:\/\/radiostargjilan.com\/web\/wp-json\/wp\/v2\/media\/8451"}],"wp:attachment":[{"href":"https:\/\/radiostargjilan.com\/web\/wp-json\/wp\/v2\/media?parent=8450"}],"wp:term":[{"taxonomy":"category","embeddable":true,"href":"https:\/\/radiostargjilan.com\/web\/wp-json\/wp\/v2\/categories?post=8450"},{"taxonomy":"post_tag","embeddable":true,"href":"https:\/\/radiostargjilan.com\/web\/wp-json\/wp\/v2\/tags?post=8450"}],"curies":[{"name":"wp","href":"https:\/\/api.w.org\/{rel}","templated":true}]}}