{"id":85659,"date":"2021-07-12T09:13:14","date_gmt":"2021-07-12T09:13:14","guid":{"rendered":"https:\/\/radiostargjilan.com\/web\/?p=85659"},"modified":"2021-07-12T09:13:14","modified_gmt":"2021-07-12T09:13:14","slug":"arrestohet-ne-gjilan-nje-i-dyshuar-per-shkaktim-te-rrezikut-te-pergjithshem","status":"publish","type":"post","link":"https:\/\/radiostargjilan.com\/web\/arrestohet-ne-gjilan-nje-i-dyshuar-per-shkaktim-te-rrezikut-te-pergjithshem\/","title":{"rendered":"Arrestohet n\u00eb Gjilan nj\u00eb i dyshuar p\u00ebr shkaktim t\u00eb rrezikut t\u00eb p\u00ebrgjithsh\u00ebm"},"content":{"rendered":"<p>Policia e Kosov\u00ebs (PK) ka arrestuar nj\u00eb person n\u00eb Gjilan gjat\u00eb vikendit, n\u00ebn dyshimin p\u00ebr vepr\u00ebn penale shkaktimi rrezikut t\u00eb p\u00ebrgjithsh\u00ebm.Lajmi u b\u00eb i ditur p\u00ebrmes raportit 24 or\u00ebsh t\u00eb PK-s\u00eb, ku thuhet se i dyshuari \u00ebsht\u00eb arrestuar pasi q\u00eb i nj\u00ebjti kishte ftuar viktim\u00ebn q\u00eb t\u2019i kryej disa pun\u00eb elektrike, e q\u00eb viktima gjat\u00eb tentimit p\u00ebr t\u00eb kryer ato pun\u00eb \u00ebsht\u00eb rr\u00ebzuar nga nj\u00eb shtyll\u00eb elektrike me \u00e7\u2019rast ka p\u00ebsuar l\u00ebndime trupore.\u201c\u00cbsht\u00eb arrestuar i dyshuari mashkull kosovar pasi q\u00eb kishte ftuar viktim\u00ebn mashkull kosovar q\u00eb ti kryej disa pun\u00eb elektrike. Viktima gjat\u00eb tentimit p\u00ebr t\u00eb kryer pun\u00eb \u00ebsht\u00eb rr\u00ebzuar nga nj\u00eb shtyll\u00eb elektrike me \u00e7\u2019rast ka p\u00ebsuar l\u00ebndime trupore. Viktim\u00ebs fillimisht iu \u00ebsht\u00eb ofruar tretman mjek\u00ebsor n\u00eb Spitalin e Gjilanit e m\u00eb pas \u00ebsht\u00eb d\u00ebrguar n\u00eb QKUK, Prishtin\u00eb p\u00ebr tretman t\u00eb m\u00ebtutjesh\u00ebm mjek\u00ebsor\u201d, thuhet n\u00eb raport.N\u00eb fund, b\u00ebhet e ditur se i dyshuari me urdh\u00ebr t\u00eb prokurorit \u00ebsht\u00eb d\u00ebrguar n\u00eb mbajtje. \/Betimip\u00ebrDrejt\u00ebsi<\/p>\n","protected":false},"excerpt":{"rendered":"<p>Policia e Kosov\u00ebs (PK) ka arrestuar nj\u00eb person n\u00eb Gjilan gjat\u00eb vikendit, n\u00ebn dyshimin p\u00ebr vepr\u00ebn penale shkaktimi rrezikut t\u00eb p\u00ebrgjithsh\u00ebm.Lajmi u b\u00eb i ditur p\u00ebrmes raportit 24 or\u00ebsh t\u00eb PK-s\u00eb, ku thuhet se i dyshuari \u00ebsht\u00eb arrestuar pasi q\u00eb i nj\u00ebjti kishte ftuar viktim\u00ebn q\u00eb t\u2019i kryej disa pun\u00eb elektrike, e q\u00eb viktima gjat\u00eb [&hellip;]<\/p>\n","protected":false},"author":1,"featured_media":85660,"comment_status":"closed","ping_status":"closed","sticky":false,"template":"","format":"standard","meta":{"footnotes":""},"categories":[5],"tags":[],"class_list":{"0":"post-85659","1":"post","2":"type-post","3":"status-publish","4":"format-standard","5":"has-post-thumbnail","7":"category-lajme"},"_links":{"self":[{"href":"https:\/\/radiostargjilan.com\/web\/wp-json\/wp\/v2\/posts\/85659","targetHints":{"allow":["GET"]}}],"collection":[{"href":"https:\/\/radiostargjilan.com\/web\/wp-json\/wp\/v2\/posts"}],"about":[{"href":"https:\/\/radiostargjilan.com\/web\/wp-json\/wp\/v2\/types\/post"}],"author":[{"embeddable":true,"href":"https:\/\/radiostargjilan.com\/web\/wp-json\/wp\/v2\/users\/1"}],"replies":[{"embeddable":true,"href":"https:\/\/radiostargjilan.com\/web\/wp-json\/wp\/v2\/comments?post=85659"}],"version-history":[{"count":0,"href":"https:\/\/radiostargjilan.com\/web\/wp-json\/wp\/v2\/posts\/85659\/revisions"}],"wp:featuredmedia":[{"embeddable":true,"href":"https:\/\/radiostargjilan.com\/web\/wp-json\/wp\/v2\/media\/85660"}],"wp:attachment":[{"href":"https:\/\/radiostargjilan.com\/web\/wp-json\/wp\/v2\/media?parent=85659"}],"wp:term":[{"taxonomy":"category","embeddable":true,"href":"https:\/\/radiostargjilan.com\/web\/wp-json\/wp\/v2\/categories?post=85659"},{"taxonomy":"post_tag","embeddable":true,"href":"https:\/\/radiostargjilan.com\/web\/wp-json\/wp\/v2\/tags?post=85659"}],"curies":[{"name":"wp","href":"https:\/\/api.w.org\/{rel}","templated":true}]}}