{"id":8619,"date":"2016-12-22T14:25:54","date_gmt":"2016-12-22T14:25:54","guid":{"rendered":"http:\/\/radiostargjilan.com\/web\/?p=8619"},"modified":"2016-12-22T14:25:54","modified_gmt":"2016-12-22T14:25:54","slug":"haziri-gjilani-duhet-ta-vazhdoj-frymem-e-bashkepunimin-per-te-miren-e-pergjithshme","status":"publish","type":"post","link":"https:\/\/radiostargjilan.com\/web\/haziri-gjilani-duhet-ta-vazhdoj-frymem-e-bashkepunimin-per-te-miren-e-pergjithshme\/","title":{"rendered":"Haziri: Gjilani duhet ta vazhdoj frym\u00ebm e bashk\u00ebpunimin p\u00ebr t\u00eb mir\u00ebn e p\u00ebrgjithshme"},"content":{"rendered":"<p>Gjilan, 22 dhjetor 2016 \u2013 Kryetari i Komun\u00ebs s\u00eb Gjilanit, Lutfi Haziri, ka pritur sot n\u00eb takim kryetarin e sapozgjedhur t\u00eb Partis\u00eb s\u00eb Drejt\u00ebsis\u00eb n\u00eb Gjilan, Skender Berisha.<\/p>\n<p>Pasi i ka uruar p\u00ebr postin e ri n\u00eb krye t\u00eb PD-s\u00eb, kryetari Haziri ka shfaqur gatishm\u00ebrin\u00eb e bashk\u00ebpunimit me krer\u00ebt e k\u00ebsaj partie n\u00eb Gjilan, n\u00eb t\u00eb mir\u00eb t\u00eb qytetar\u00ebve t\u00eb saj.<\/p>\n<p>Ai theksoi se Gjilani njihet si qytet i qet\u00eb, me kultur\u00eb t\u00eb lart\u00eb t\u00eb demokracis\u00eb dhe i frym\u00ebs s\u00eb bashk\u00ebpunimit kur \u00ebsht\u00eb n\u00eb pyetje interesi i p\u00ebrgjithsh\u00ebm, duke shtuar se kjo form\u00eb e bashk\u00ebpunimit duhet t\u00eb kultivohet n\u00eb kontinuitet.<\/p>\n<p>Nga ana e tij, kryetari sapozgjedhur i Partis\u00eb s\u00eb Drejt\u00ebsis\u00eb n\u00eb Gjilan, Skender Berisha, ka fal\u00ebnderuar kryetarin Haziri p\u00ebr pritjen dhe bashk\u00ebpunimin e ofruar n\u00eb ecjen p\u00ebrpara. <\/p>\n","protected":false},"excerpt":{"rendered":"<p>Gjilan, 22 dhjetor 2016 \u2013 Kryetari i Komun\u00ebs s\u00eb Gjilanit, Lutfi Haziri, ka pritur sot n\u00eb takim kryetarin e sapozgjedhur t\u00eb Partis\u00eb s\u00eb Drejt\u00ebsis\u00eb n\u00eb Gjilan, Skender Berisha. Pasi i ka uruar p\u00ebr postin e ri n\u00eb krye t\u00eb PD-s\u00eb, kryetari Haziri ka shfaqur gatishm\u00ebrin\u00eb e bashk\u00ebpunimit me krer\u00ebt e k\u00ebsaj partie n\u00eb Gjilan, n\u00eb [&hellip;]<\/p>\n","protected":false},"author":1,"featured_media":8620,"comment_status":"closed","ping_status":"closed","sticky":false,"template":"","format":"standard","meta":{"footnotes":""},"categories":[5],"tags":[],"class_list":{"0":"post-8619","1":"post","2":"type-post","3":"status-publish","4":"format-standard","5":"has-post-thumbnail","7":"category-lajme"},"_links":{"self":[{"href":"https:\/\/radiostargjilan.com\/web\/wp-json\/wp\/v2\/posts\/8619","targetHints":{"allow":["GET"]}}],"collection":[{"href":"https:\/\/radiostargjilan.com\/web\/wp-json\/wp\/v2\/posts"}],"about":[{"href":"https:\/\/radiostargjilan.com\/web\/wp-json\/wp\/v2\/types\/post"}],"author":[{"embeddable":true,"href":"https:\/\/radiostargjilan.com\/web\/wp-json\/wp\/v2\/users\/1"}],"replies":[{"embeddable":true,"href":"https:\/\/radiostargjilan.com\/web\/wp-json\/wp\/v2\/comments?post=8619"}],"version-history":[{"count":0,"href":"https:\/\/radiostargjilan.com\/web\/wp-json\/wp\/v2\/posts\/8619\/revisions"}],"wp:featuredmedia":[{"embeddable":true,"href":"https:\/\/radiostargjilan.com\/web\/wp-json\/wp\/v2\/media\/8620"}],"wp:attachment":[{"href":"https:\/\/radiostargjilan.com\/web\/wp-json\/wp\/v2\/media?parent=8619"}],"wp:term":[{"taxonomy":"category","embeddable":true,"href":"https:\/\/radiostargjilan.com\/web\/wp-json\/wp\/v2\/categories?post=8619"},{"taxonomy":"post_tag","embeddable":true,"href":"https:\/\/radiostargjilan.com\/web\/wp-json\/wp\/v2\/tags?post=8619"}],"curies":[{"name":"wp","href":"https:\/\/api.w.org\/{rel}","templated":true}]}}