{"id":87044,"date":"2021-07-29T09:24:18","date_gmt":"2021-07-29T09:24:18","guid":{"rendered":"https:\/\/radiostargjilan.com\/web\/?p=87044"},"modified":"2021-07-29T09:24:18","modified_gmt":"2021-07-29T09:24:18","slug":"open-balkan-zaev-rama-dhe-vuciq-ia-lene-nje-emer-te-ri-minishengenit","status":"publish","type":"post","link":"https:\/\/radiostargjilan.com\/web\/open-balkan-zaev-rama-dhe-vuciq-ia-lene-nje-emer-te-ri-minishengenit\/","title":{"rendered":"\u201cOpen Balkan\u201d, Zaev, Rama dhe Vu\u00e7iq ia l\u00ebn\u00eb nj\u00eb em\u00ebr t\u00eb ri minishengenit"},"content":{"rendered":"<p>Kryeministri i Maqedonis\u00eb s\u00eb Veriut, Zoran Zaev, tha se projekti i Mini-Shengenit Ballkanik, q\u00eb synon bashkimin n\u00eb nj\u00eb treg t\u00eb p\u00ebrbashk\u00ebt t\u00eb vendeve t\u00eb Ballkanit Per\u00ebndimor, q\u00eb nuk jan\u00eb ende pjes\u00eb e Bashkimit Europian, siguron pik\u00ebrisht 4 lirit\u00eb themelore t\u00eb unionit.<\/p>\n<p>\u201cLiria e l\u00ebvizjes s\u00eb njer\u00ebzve, mallrave, kapitalit dhe sh\u00ebrbimeve. Q\u00ebllimi \u00ebsht\u00eb t\u00eb mos ket\u00eb ndalje n\u00eb kufi mes Serbis\u00eb, Maqedonis\u00eb s\u00eb Veriut e Shqip\u00ebris\u00eb, dhe n\u00eb t\u00eb ardhmen shpresojm\u00eb edhe m\u00eb gjer\u00eb\u201d, tha Zaev n\u00eb nj\u00eb konferenc\u00eb p\u00ebr mediat, para nisjes s\u00eb takimit me kryeministrin Rama dhe presidentin e Serbis\u00eb, Vu\u00e7i\u00e7, n\u00eb kuad\u00ebr t\u00eb Forumit Ekonomik t\u00eb Shkupit.<\/p>\n<p>Zaev tha se vendet e rajonit nuk mund t\u00eb presin sa plot\u00ebsohen kushtet e brendshme t\u00eb Bashkimit Europian.<\/p>\n<p>\u201cD\u00ebgjuam apelin e bizneseve t\u00eb rajonit dhe nis\u00ebm hapat e eliminimit ose pak\u00ebsimit t\u00eb procedurave administrative. Kjo do ta b\u00ebj\u00eb Ballkanin m\u00eb t\u00ebrheq\u00ebs si treg. Moshapja e negociatave dhe mos liberalizimi i vizave n\u00eb Kosov\u00eb, \u00ebsht\u00eb kund\u00ebr parimeve t\u00eb vet\u00eb BE. Prandaj ne nuk mund t\u00eb presim t\u00eb zgjidhen problemet e brendshme t\u00eb BE. Ne do t\u00eb presim kur BE t\u00eb jet\u00eb gati, por duke pasur nismat tona t\u00eb p\u00ebrbashk\u00ebta ekonomike\u201d, tha Zaev.<\/p>\n<p>Zaev e ka ftuar kryeministrin e Kosov\u00ebs, Albin Kurti dhe lider\u00ebt e tjer\u00eb t\u00eb Ballkanit Per\u00ebndimor q\u00eb t\u2019i bashkohen nism\u00ebs.<\/p>\n<p>Nd\u00ebrkoh\u00eb raportohet se emri i ri i Shengenit ballkanik do t\u00eb jet\u00eb \u2018Open Balkan\u2019.<\/p>\n","protected":false},"excerpt":{"rendered":"<p>Kryeministri i Maqedonis\u00eb s\u00eb Veriut, Zoran Zaev, tha se projekti i Mini-Shengenit Ballkanik, q\u00eb synon bashkimin n\u00eb nj\u00eb treg t\u00eb p\u00ebrbashk\u00ebt t\u00eb vendeve t\u00eb Ballkanit Per\u00ebndimor, q\u00eb nuk jan\u00eb ende pjes\u00eb e Bashkimit Europian, siguron pik\u00ebrisht 4 lirit\u00eb themelore t\u00eb unionit. \u201cLiria e l\u00ebvizjes s\u00eb njer\u00ebzve, mallrave, kapitalit dhe sh\u00ebrbimeve. Q\u00ebllimi \u00ebsht\u00eb t\u00eb mos ket\u00eb [&hellip;]<\/p>\n","protected":false},"author":1,"featured_media":87045,"comment_status":"closed","ping_status":"closed","sticky":false,"template":"","format":"standard","meta":{"footnotes":""},"categories":[5],"tags":[],"class_list":{"0":"post-87044","1":"post","2":"type-post","3":"status-publish","4":"format-standard","5":"has-post-thumbnail","7":"category-lajme"},"_links":{"self":[{"href":"https:\/\/radiostargjilan.com\/web\/wp-json\/wp\/v2\/posts\/87044","targetHints":{"allow":["GET"]}}],"collection":[{"href":"https:\/\/radiostargjilan.com\/web\/wp-json\/wp\/v2\/posts"}],"about":[{"href":"https:\/\/radiostargjilan.com\/web\/wp-json\/wp\/v2\/types\/post"}],"author":[{"embeddable":true,"href":"https:\/\/radiostargjilan.com\/web\/wp-json\/wp\/v2\/users\/1"}],"replies":[{"embeddable":true,"href":"https:\/\/radiostargjilan.com\/web\/wp-json\/wp\/v2\/comments?post=87044"}],"version-history":[{"count":0,"href":"https:\/\/radiostargjilan.com\/web\/wp-json\/wp\/v2\/posts\/87044\/revisions"}],"wp:featuredmedia":[{"embeddable":true,"href":"https:\/\/radiostargjilan.com\/web\/wp-json\/wp\/v2\/media\/87045"}],"wp:attachment":[{"href":"https:\/\/radiostargjilan.com\/web\/wp-json\/wp\/v2\/media?parent=87044"}],"wp:term":[{"taxonomy":"category","embeddable":true,"href":"https:\/\/radiostargjilan.com\/web\/wp-json\/wp\/v2\/categories?post=87044"},{"taxonomy":"post_tag","embeddable":true,"href":"https:\/\/radiostargjilan.com\/web\/wp-json\/wp\/v2\/tags?post=87044"}],"curies":[{"name":"wp","href":"https:\/\/api.w.org\/{rel}","templated":true}]}}