{"id":87057,"date":"2021-07-29T10:41:19","date_gmt":"2021-07-29T10:41:19","guid":{"rendered":"https:\/\/radiostargjilan.com\/web\/?p=87057"},"modified":"2021-07-29T10:41:19","modified_gmt":"2021-07-29T10:41:19","slug":"vuqicic-thot-se-pajtohet-per-gjithcka-qe-thot-rama-edi-rama-do-te-them-pranoje-kosoven","status":"publish","type":"post","link":"https:\/\/radiostargjilan.com\/web\/vuqicic-thot-se-pajtohet-per-gjithcka-qe-thot-rama-edi-rama-do-te-them-pranoje-kosoven\/","title":{"rendered":"Vuqi\u00e7i\u00e7 thot se pajtohet p\u00ebr gjith\u00e7ka q\u00eb thot Rama, Edi Rama: Do t\u00eb them pranoje Kosov\u00ebn!"},"content":{"rendered":"<p>N\u00eb nj\u00eb moment gjat\u00eb Forumit Ekonomik n\u00eb Shkup, presidenti i Serbis\u00eb Aleksandar Vu\u00e7iq p\u00ebr t\u00eb d\u00ebshmuar besueshm\u00ebrin\u00eb dhe q\u00ebllimin e bashk\u00ebpunimit rajonal n\u00eb shaka tha se \u201cdo t\u00eb n\u00ebnshkruaj \u00e7far\u00ebdo q\u00eb thot\u00eb Edi Rama\u201d, shkruan Alsat. K\u00ebsaj deklarate kryeministri i Shqip\u00ebris\u00eb Edi Rama iu p\u00ebrgjigjsh duke th\u00ebn\u00eb \u201cTani d\u00ebshiron q\u00eb un\u00eb t\u00eb them t\u00eb njoh Kosov\u00ebn, dhe ky nuk do t\u00eb n\u00ebnshkruaj\u201d.<\/p>\n<p>\u2013 Vuqi\u00e7: Miq t\u00eb dashur, nuk di \u00e7far\u00eb do t\u00eb thot\u00eb Edi p\u00ebr k\u00ebt\u00eb, por \u00e7far\u00ebdo q\u00eb t\u00eb p\u00ebrgjigjet p\u00ebr k\u00ebt\u00eb, 100 p\u00ebr qind q\u00eb ai do ta thot\u00eb, un\u00eb do ta n\u00ebnshkruaj menj\u00ebher\u00eb. Vet\u00ebm q\u00eb ta dini paraprakisht, \u00e7do fjal\u00eb.<\/p>\n<p>-Rama: Tani ky do q\u00eb un\u00eb t\u00eb them p\u00ebr njohjen e Kosov\u00ebs, dhe nuk do t\u00eb n\u00ebnshkruaj.<\/p>\n","protected":false},"excerpt":{"rendered":"<p>N\u00eb nj\u00eb moment gjat\u00eb Forumit Ekonomik n\u00eb Shkup, presidenti i Serbis\u00eb Aleksandar Vu\u00e7iq p\u00ebr t\u00eb d\u00ebshmuar besueshm\u00ebrin\u00eb dhe q\u00ebllimin e bashk\u00ebpunimit rajonal n\u00eb shaka tha se \u201cdo t\u00eb n\u00ebnshkruaj \u00e7far\u00ebdo q\u00eb thot\u00eb Edi Rama\u201d, shkruan Alsat. K\u00ebsaj deklarate kryeministri i Shqip\u00ebris\u00eb Edi Rama iu p\u00ebrgjigjsh duke th\u00ebn\u00eb \u201cTani d\u00ebshiron q\u00eb un\u00eb t\u00eb them t\u00eb njoh [&hellip;]<\/p>\n","protected":false},"author":1,"featured_media":87058,"comment_status":"closed","ping_status":"closed","sticky":false,"template":"","format":"standard","meta":{"footnotes":""},"categories":[5],"tags":[],"class_list":{"0":"post-87057","1":"post","2":"type-post","3":"status-publish","4":"format-standard","5":"has-post-thumbnail","7":"category-lajme"},"_links":{"self":[{"href":"https:\/\/radiostargjilan.com\/web\/wp-json\/wp\/v2\/posts\/87057","targetHints":{"allow":["GET"]}}],"collection":[{"href":"https:\/\/radiostargjilan.com\/web\/wp-json\/wp\/v2\/posts"}],"about":[{"href":"https:\/\/radiostargjilan.com\/web\/wp-json\/wp\/v2\/types\/post"}],"author":[{"embeddable":true,"href":"https:\/\/radiostargjilan.com\/web\/wp-json\/wp\/v2\/users\/1"}],"replies":[{"embeddable":true,"href":"https:\/\/radiostargjilan.com\/web\/wp-json\/wp\/v2\/comments?post=87057"}],"version-history":[{"count":0,"href":"https:\/\/radiostargjilan.com\/web\/wp-json\/wp\/v2\/posts\/87057\/revisions"}],"wp:featuredmedia":[{"embeddable":true,"href":"https:\/\/radiostargjilan.com\/web\/wp-json\/wp\/v2\/media\/87058"}],"wp:attachment":[{"href":"https:\/\/radiostargjilan.com\/web\/wp-json\/wp\/v2\/media?parent=87057"}],"wp:term":[{"taxonomy":"category","embeddable":true,"href":"https:\/\/radiostargjilan.com\/web\/wp-json\/wp\/v2\/categories?post=87057"},{"taxonomy":"post_tag","embeddable":true,"href":"https:\/\/radiostargjilan.com\/web\/wp-json\/wp\/v2\/tags?post=87057"}],"curies":[{"name":"wp","href":"https:\/\/api.w.org\/{rel}","templated":true}]}}