{"id":88101,"date":"2021-08-10T17:52:25","date_gmt":"2021-08-10T17:52:25","guid":{"rendered":"https:\/\/radiostargjilan.com\/web\/?p=88101"},"modified":"2021-08-10T17:52:25","modified_gmt":"2021-08-10T17:52:25","slug":"riga-shiu-e-rrufe-ky-eshte-moti-per-neser-dhe-pasneser","status":"publish","type":"post","link":"https:\/\/radiostargjilan.com\/web\/riga-shiu-e-rrufe-ky-eshte-moti-per-neser-dhe-pasneser\/","title":{"rendered":"Riga shiu e rrufe, ky \u00ebsht\u00eb moti p\u00ebr nes\u00ebr dhe pasnes\u00ebr"},"content":{"rendered":"<p>Instituti Hidrometeorologjik i Kosov\u00ebs ka njoftuar se t\u00eb m\u00ebrkur\u00ebn do t\u00eb mbaj\u00eb mot me vran\u00ebsira t\u00eb shp\u00ebrndara. Derisa t\u00eb enjten parashihet mot me diell dhe vran\u00ebsira t\u00eb pjesshmeSipas IHK-s\u00eb, t\u00eb m\u00ebrkur\u00ebn priten reshje shiu dhe shkarkime rrufesh.\u201cT\u00eb m\u00ebrkur\u00ebn do t\u00eb mbaj\u00eb mot me diell dhe vran\u00ebsira t\u00eb shp\u00ebrndara. Vran\u00ebsirat gjat\u00eb dit\u00ebs do t\u00eb zhvillohen dhe do t\u00eb krijojn\u00eb kushte p\u00ebr riga shiu dhe shkarkime rrufesh. T\u00eb enjten parashihet mot me diell dhe vran\u00ebsira t\u00eb pjes\u00ebshme, kryesisht p\u00ebr rreth maleve\u201d, thuhet n\u00eb njoftimin e IHK-s\u00eb.Instituti Hidrometeorologjik b\u00ebn t\u00eb ditur se temperaturat gjat\u00eb dy dit\u00ebve t\u00eb ardhshme do t\u00eb jen\u00eb konstante.\u201cTemperaturat gjat\u00eb k\u00ebtyre dy dit\u00ebve do t\u00eb jen\u00eb pothuaj konstante n\u00eb t\u00eb dy vlerat ekstreme. Minimalet do t\u00eb l\u00ebvizin nd\u00ebrmjet 16-18 grad\u00eb Celsius, nd\u00ebrsa maksimalet e dit\u00ebs parashihen t\u00eb l\u00ebvizin nd\u00ebrmjet 32-33 grad\u00eb Celsius. Indeksi UV vazhdon ti mbaj vlerat e larta dhe k\u00ebshillat e  IKSHP mbeten n\u00eb fuqi. Do t\u00eb fryj\u00eb er\u00eb nga drejtimi i juglindjes dhe jugper\u00ebndimit e leht\u00eb dhe lokalisht e fort\u00eb\u201d, b\u00ebhet e ditur n\u00eb njoftim.<\/p>\n","protected":false},"excerpt":{"rendered":"<p>Instituti Hidrometeorologjik i Kosov\u00ebs ka njoftuar se t\u00eb m\u00ebrkur\u00ebn do t\u00eb mbaj\u00eb mot me vran\u00ebsira t\u00eb shp\u00ebrndara. Derisa t\u00eb enjten parashihet mot me diell dhe vran\u00ebsira t\u00eb pjesshmeSipas IHK-s\u00eb, t\u00eb m\u00ebrkur\u00ebn priten reshje shiu dhe shkarkime rrufesh.\u201cT\u00eb m\u00ebrkur\u00ebn do t\u00eb mbaj\u00eb mot me diell dhe vran\u00ebsira t\u00eb shp\u00ebrndara. Vran\u00ebsirat gjat\u00eb dit\u00ebs do t\u00eb zhvillohen dhe [&hellip;]<\/p>\n","protected":false},"author":1,"featured_media":88102,"comment_status":"closed","ping_status":"closed","sticky":false,"template":"","format":"standard","meta":{"footnotes":""},"categories":[5],"tags":[],"class_list":{"0":"post-88101","1":"post","2":"type-post","3":"status-publish","4":"format-standard","5":"has-post-thumbnail","7":"category-lajme"},"_links":{"self":[{"href":"https:\/\/radiostargjilan.com\/web\/wp-json\/wp\/v2\/posts\/88101","targetHints":{"allow":["GET"]}}],"collection":[{"href":"https:\/\/radiostargjilan.com\/web\/wp-json\/wp\/v2\/posts"}],"about":[{"href":"https:\/\/radiostargjilan.com\/web\/wp-json\/wp\/v2\/types\/post"}],"author":[{"embeddable":true,"href":"https:\/\/radiostargjilan.com\/web\/wp-json\/wp\/v2\/users\/1"}],"replies":[{"embeddable":true,"href":"https:\/\/radiostargjilan.com\/web\/wp-json\/wp\/v2\/comments?post=88101"}],"version-history":[{"count":0,"href":"https:\/\/radiostargjilan.com\/web\/wp-json\/wp\/v2\/posts\/88101\/revisions"}],"wp:featuredmedia":[{"embeddable":true,"href":"https:\/\/radiostargjilan.com\/web\/wp-json\/wp\/v2\/media\/88102"}],"wp:attachment":[{"href":"https:\/\/radiostargjilan.com\/web\/wp-json\/wp\/v2\/media?parent=88101"}],"wp:term":[{"taxonomy":"category","embeddable":true,"href":"https:\/\/radiostargjilan.com\/web\/wp-json\/wp\/v2\/categories?post=88101"},{"taxonomy":"post_tag","embeddable":true,"href":"https:\/\/radiostargjilan.com\/web\/wp-json\/wp\/v2\/tags?post=88101"}],"curies":[{"name":"wp","href":"https:\/\/api.w.org\/{rel}","templated":true}]}}