{"id":8878,"date":"2017-01-24T13:38:27","date_gmt":"2017-01-24T13:38:27","guid":{"rendered":"http:\/\/radiostargjilan.com\/web\/?p=8878"},"modified":"2017-01-24T13:39:00","modified_gmt":"2017-01-24T13:39:00","slug":"haziri-ne-bruksel-serbia-provokoi-konflikt-me-trenin","status":"publish","type":"post","link":"https:\/\/radiostargjilan.com\/web\/haziri-ne-bruksel-serbia-provokoi-konflikt-me-trenin\/","title":{"rendered":"Haziri n\u00eb Bruksel: Serbia provokoi konflikt me trenin!"},"content":{"rendered":"<p>N\u00ebnkryetari i Lidhjes Demokratike t\u00eb Kosov\u00ebs, Lutfi Haziri, po merr pjes\u00ebpjes\u00eb n\u00eb Asamblen\u00eb Politike t\u00eb Partis\u00eb Popullore Europianen\u00eb Bruksel, familjes s\u00eb partive t\u00eb djathta europiane, ku b\u00ebn pjes\u00eb LDK.<br \/>\nN\u00ebnkryetari Haziri n\u00eb k\u00ebt\u00eb takim ka folur lidhur me provokimin serb me trenin, duke e cil\u00ebsuar si provokim p\u00ebr konflikt nga ana e Serbis\u00eb.<br \/>\n\u201cProvokimi serb me trenin, murin dhe fletarrestet e d\u00ebmshme e q\u00ebllimk\u00ebqija t\u00eb Serbis\u00eb, jan\u00eb provokim p\u00ebr konflikt, nd\u00ebrkaq mos miratimin e liberalizimit t\u00eb vizave nga ana e Parlamentit Europian p\u00ebr Kosov\u00ebn, e vler\u00ebsoj si t\u00eb turpshme dhe q\u00eb sa m\u00eb shpejt duhet t\u00eb ndodh\u00eb\u201d, ka th\u00ebn\u00eb Haziri.<br \/>\nN\u00ebnkryetari i LDK-s\u00eb ka njoftuar se Partia Popullore Europiane(PPE), kryetari, kryesia dhe p\u00ebrfaq\u00ebsuesit e saj, edhe nj\u00ebher\u00eb rikonfirmuan mb\u00ebshtetjen e parezerv\u00eb ndaj LDK-s\u00eb, ndaj Kosov\u00ebs dhe Qeveris\u00eb s\u00eb udh\u00ebhequr nga kryeministri Mustafa.<br \/>\nP\u00ebrndryshe, nga takimi i djesh\u00ebm, u theksua se nuk do t\u00eb pranohet asnj\u00eb lloj politike p\u00ebr destabilizimin e Ballkanit Per\u00ebndimor. <\/p>\n<p>24janar 2017, Gjilan                   <\/p>\n","protected":false},"excerpt":{"rendered":"<p>N\u00ebnkryetari i Lidhjes Demokratike t\u00eb Kosov\u00ebs, Lutfi Haziri, po merr pjes\u00ebpjes\u00eb n\u00eb Asamblen\u00eb Politike t\u00eb Partis\u00eb Popullore Europianen\u00eb Bruksel, familjes s\u00eb partive t\u00eb djathta europiane, ku b\u00ebn pjes\u00eb LDK. N\u00ebnkryetari Haziri n\u00eb k\u00ebt\u00eb takim ka folur lidhur me provokimin serb me trenin, duke e cil\u00ebsuar si provokim p\u00ebr konflikt nga ana e Serbis\u00eb. \u201cProvokimi serb [&hellip;]<\/p>\n","protected":false},"author":1,"featured_media":8879,"comment_status":"closed","ping_status":"closed","sticky":false,"template":"","format":"standard","meta":{"footnotes":""},"categories":[5],"tags":[],"class_list":{"0":"post-8878","1":"post","2":"type-post","3":"status-publish","4":"format-standard","5":"has-post-thumbnail","7":"category-lajme"},"_links":{"self":[{"href":"https:\/\/radiostargjilan.com\/web\/wp-json\/wp\/v2\/posts\/8878","targetHints":{"allow":["GET"]}}],"collection":[{"href":"https:\/\/radiostargjilan.com\/web\/wp-json\/wp\/v2\/posts"}],"about":[{"href":"https:\/\/radiostargjilan.com\/web\/wp-json\/wp\/v2\/types\/post"}],"author":[{"embeddable":true,"href":"https:\/\/radiostargjilan.com\/web\/wp-json\/wp\/v2\/users\/1"}],"replies":[{"embeddable":true,"href":"https:\/\/radiostargjilan.com\/web\/wp-json\/wp\/v2\/comments?post=8878"}],"version-history":[{"count":0,"href":"https:\/\/radiostargjilan.com\/web\/wp-json\/wp\/v2\/posts\/8878\/revisions"}],"wp:featuredmedia":[{"embeddable":true,"href":"https:\/\/radiostargjilan.com\/web\/wp-json\/wp\/v2\/media\/8879"}],"wp:attachment":[{"href":"https:\/\/radiostargjilan.com\/web\/wp-json\/wp\/v2\/media?parent=8878"}],"wp:term":[{"taxonomy":"category","embeddable":true,"href":"https:\/\/radiostargjilan.com\/web\/wp-json\/wp\/v2\/categories?post=8878"},{"taxonomy":"post_tag","embeddable":true,"href":"https:\/\/radiostargjilan.com\/web\/wp-json\/wp\/v2\/tags?post=8878"}],"curies":[{"name":"wp","href":"https:\/\/api.w.org\/{rel}","templated":true}]}}