{"id":89817,"date":"2021-08-27T17:21:13","date_gmt":"2021-08-27T17:21:13","guid":{"rendered":"https:\/\/radiostargjilan.com\/web\/?p=89817"},"modified":"2021-08-27T17:21:13","modified_gmt":"2021-08-27T17:21:13","slug":"albin-kurti-e-shkarkon-naser-krasniqi-nga-posti-i-zevendes-kryeshefit-te-agjencise-se-ushqimit-dhe-veterines","status":"publish","type":"post","link":"https:\/\/radiostargjilan.com\/web\/albin-kurti-e-shkarkon-naser-krasniqi-nga-posti-i-zevendes-kryeshefit-te-agjencise-se-ushqimit-dhe-veterines\/","title":{"rendered":"Albin Kurti e shkarkon Naser Krasniqi nga posti i z\u00ebvend\u00ebs kryeshefit t\u00eb Agjencis\u00eb s\u00eb Ushqimit dhe Veterin\u00ebs"},"content":{"rendered":"<p>Shefi i Qeveris\u00eb, Albin Kurti e ka shkarkuar Naser Krasniqi nga posti i z\u00ebvend\u00ebs kryeshefit t\u00eb Agjencis\u00eb s\u00eb Ushqimit dhe Veterin\u00ebs.Sipas nj\u00eb njoftimi t\u00eb l\u00ebshuar p\u00ebr mediaC thuhet se Flamur Kadriu caktohet n\u00eb k\u00ebt\u00eb pozit\u00eb.Njoftimi i plot\u00eb:Kryeministri i Republik\u00ebs s\u00eb Kosov\u00ebs, z.Albin Kurti, me q\u00ebllim t\u00eb respektimit t\u00eb parimit t\u00eb ligjshm\u00ebris\u00eb n\u00eb institucionet vart\u00ebse t\u00eb Zyr\u00ebs s\u00eb Kryeministrit, shfuqizon Vendimin p\u00ebrmes t\u00eb cilit z. <\/p>\n<p>Naser Krasniqi, Z\u00ebvend\u00ebs Kryeshef i Agjencis\u00eb s\u00eb Ushqimit dhe Veterinaris\u00eb (AUV) autorizohet t\u00eb kryej\u00eb detyrat e Kryeshefit t\u00eb AUV-it.Duhet theksuar q\u00eb Ligji p\u00ebr Zyrtar\u00ebt Publik\u00eb nuk parasheh pozit\u00eb t\u00eb Z\u00ebvend\u00ebs Kryeshefit t\u00eb AUV-it, pozit\u00eb t\u00eb cil\u00ebn e ka mbajtur z. Krasniqi dhe n\u00eb baz\u00eb t\u00eb t\u00eb cil\u00ebs iu ka besuar udh\u00ebheqja e k\u00ebsaj Agjencie. Rrjedhimisht, me q\u00ebllim t\u00eb sigurimit t\u00eb zbatimit t\u00eb rendit dhe ligjit, kryeministri ka shfuqizuar Vendimin q\u00eb ka humbur baz\u00ebn ligjore dhe ka caktuar ushtrues t\u00eb ri t\u00eb detyr\u00ebs t\u00eb Kryeshefit t\u00eb AUV-it.S\u00eb k\u00ebndejmi, kryeministri Kurti ka autorizuar z. Flamur Kadriu, aktualisht drejtor i Drejtoratit p\u00ebr Sh\u00ebrbimin Publik brenda AUV-it, t\u00eb kryej\u00eb t\u00eb gjitha detyrat dhe p\u00ebrgjegj\u00ebsit\u00eb e Kryeshefit t\u00eb k\u00ebsaj Agjencie, deri n\u00eb shpalljen e rezultateve t\u00eb konkursit p\u00ebr em\u00ebrimin e Kryeshefit t\u00eb AUV-it.<\/p>\n","protected":false},"excerpt":{"rendered":"<p>Shefi i Qeveris\u00eb, Albin Kurti e ka shkarkuar Naser Krasniqi nga posti i z\u00ebvend\u00ebs kryeshefit t\u00eb Agjencis\u00eb s\u00eb Ushqimit dhe Veterin\u00ebs.Sipas nj\u00eb njoftimi t\u00eb l\u00ebshuar p\u00ebr mediaC thuhet se Flamur Kadriu caktohet n\u00eb k\u00ebt\u00eb pozit\u00eb.Njoftimi i plot\u00eb:Kryeministri i Republik\u00ebs s\u00eb Kosov\u00ebs, z.Albin Kurti, me q\u00ebllim t\u00eb respektimit t\u00eb parimit t\u00eb ligjshm\u00ebris\u00eb n\u00eb institucionet vart\u00ebse t\u00eb [&hellip;]<\/p>\n","protected":false},"author":1,"featured_media":89818,"comment_status":"closed","ping_status":"closed","sticky":false,"template":"","format":"standard","meta":{"footnotes":""},"categories":[5],"tags":[],"class_list":{"0":"post-89817","1":"post","2":"type-post","3":"status-publish","4":"format-standard","5":"has-post-thumbnail","7":"category-lajme"},"_links":{"self":[{"href":"https:\/\/radiostargjilan.com\/web\/wp-json\/wp\/v2\/posts\/89817","targetHints":{"allow":["GET"]}}],"collection":[{"href":"https:\/\/radiostargjilan.com\/web\/wp-json\/wp\/v2\/posts"}],"about":[{"href":"https:\/\/radiostargjilan.com\/web\/wp-json\/wp\/v2\/types\/post"}],"author":[{"embeddable":true,"href":"https:\/\/radiostargjilan.com\/web\/wp-json\/wp\/v2\/users\/1"}],"replies":[{"embeddable":true,"href":"https:\/\/radiostargjilan.com\/web\/wp-json\/wp\/v2\/comments?post=89817"}],"version-history":[{"count":0,"href":"https:\/\/radiostargjilan.com\/web\/wp-json\/wp\/v2\/posts\/89817\/revisions"}],"wp:featuredmedia":[{"embeddable":true,"href":"https:\/\/radiostargjilan.com\/web\/wp-json\/wp\/v2\/media\/89818"}],"wp:attachment":[{"href":"https:\/\/radiostargjilan.com\/web\/wp-json\/wp\/v2\/media?parent=89817"}],"wp:term":[{"taxonomy":"category","embeddable":true,"href":"https:\/\/radiostargjilan.com\/web\/wp-json\/wp\/v2\/categories?post=89817"},{"taxonomy":"post_tag","embeddable":true,"href":"https:\/\/radiostargjilan.com\/web\/wp-json\/wp\/v2\/tags?post=89817"}],"curies":[{"name":"wp","href":"https:\/\/api.w.org\/{rel}","templated":true}]}}