{"id":89958,"date":"2021-08-28T19:09:24","date_gmt":"2021-08-28T19:09:24","guid":{"rendered":"https:\/\/radiostargjilan.com\/web\/?p=89958"},"modified":"2021-08-28T19:09:24","modified_gmt":"2021-08-28T19:09:24","slug":"masat-e-reja-ne-ceremonite-e-varrimit-lejohet-vetem-familja-e-ngushte","status":"publish","type":"post","link":"https:\/\/radiostargjilan.com\/web\/masat-e-reja-ne-ceremonite-e-varrimit-lejohet-vetem-familja-e-ngushte\/","title":{"rendered":"Masat e reja: N\u00eb ceremonit\u00eb e varrimit lejohet vet\u00ebm familja e ngusht\u00eb"},"content":{"rendered":"<p>N\u00eb kuad\u00ebr t\u00eb vendimit t\u00eb Qeveris\u00eb p\u00ebr masat e p\u00ebrgjithshme p\u00ebr kontrollin, parandalimin dhe luftimin e pandemis\u00eb COVID-19, \u00ebsht\u00eb p\u00ebrfshir\u00eb edhe kufizimi n\u00eb rastet e varrimit dhe pritjes p\u00ebr ngush\u00ebllime.<\/p>\n<p>N\u00eb baz\u00eb t\u00eb vendimit, q\u00eb pritet t\u00eb hyj\u00eb n\u00eb fuqi m\u00eb 30 gusht, lejohen funeralet vet\u00ebm me pjes\u00ebmarrje t\u00eb familjes s\u00eb ngusht\u00eb, duke siguruar q\u00eb pjes\u00ebmarr\u00ebsit t\u00eb mbajn\u00eb distanc\u00eb fizike prej 1.5 met\u00ebr nga nj\u00ebri-tjetri.<\/p>\n<p>Organizimi i pritjes p\u00ebr ngush\u00ebllim \u00ebsht\u00eb ndaluar n\u00eb kuad\u00ebr t\u00eb masave t\u00eb reja.<\/p>\n<p>Numri i personave n\u00eb ambiente t\u00eb mbyllura q\u00eb \u00ebsht\u00eb lejuar nga MSH\u2019ja \u00ebsht\u00eb 30.<\/p>\n<p>Nd\u00ebrkaq p\u00ebr grumbullimet dhe ngjarjet kulturore n\u00eb ambiente t\u00eb jashtme lejohen deri n\u00eb pes\u00ebdhjet\u00eb persona.<\/p>\n","protected":false},"excerpt":{"rendered":"<p>N\u00eb kuad\u00ebr t\u00eb vendimit t\u00eb Qeveris\u00eb p\u00ebr masat e p\u00ebrgjithshme p\u00ebr kontrollin, parandalimin dhe luftimin e pandemis\u00eb COVID-19, \u00ebsht\u00eb p\u00ebrfshir\u00eb edhe kufizimi n\u00eb rastet e varrimit dhe pritjes p\u00ebr ngush\u00ebllime. N\u00eb baz\u00eb t\u00eb vendimit, q\u00eb pritet t\u00eb hyj\u00eb n\u00eb fuqi m\u00eb 30 gusht, lejohen funeralet vet\u00ebm me pjes\u00ebmarrje t\u00eb familjes s\u00eb ngusht\u00eb, duke siguruar q\u00eb [&hellip;]<\/p>\n","protected":false},"author":1,"featured_media":89959,"comment_status":"closed","ping_status":"closed","sticky":false,"template":"","format":"standard","meta":{"footnotes":""},"categories":[5],"tags":[],"class_list":{"0":"post-89958","1":"post","2":"type-post","3":"status-publish","4":"format-standard","5":"has-post-thumbnail","7":"category-lajme"},"_links":{"self":[{"href":"https:\/\/radiostargjilan.com\/web\/wp-json\/wp\/v2\/posts\/89958","targetHints":{"allow":["GET"]}}],"collection":[{"href":"https:\/\/radiostargjilan.com\/web\/wp-json\/wp\/v2\/posts"}],"about":[{"href":"https:\/\/radiostargjilan.com\/web\/wp-json\/wp\/v2\/types\/post"}],"author":[{"embeddable":true,"href":"https:\/\/radiostargjilan.com\/web\/wp-json\/wp\/v2\/users\/1"}],"replies":[{"embeddable":true,"href":"https:\/\/radiostargjilan.com\/web\/wp-json\/wp\/v2\/comments?post=89958"}],"version-history":[{"count":0,"href":"https:\/\/radiostargjilan.com\/web\/wp-json\/wp\/v2\/posts\/89958\/revisions"}],"wp:featuredmedia":[{"embeddable":true,"href":"https:\/\/radiostargjilan.com\/web\/wp-json\/wp\/v2\/media\/89959"}],"wp:attachment":[{"href":"https:\/\/radiostargjilan.com\/web\/wp-json\/wp\/v2\/media?parent=89958"}],"wp:term":[{"taxonomy":"category","embeddable":true,"href":"https:\/\/radiostargjilan.com\/web\/wp-json\/wp\/v2\/categories?post=89958"},{"taxonomy":"post_tag","embeddable":true,"href":"https:\/\/radiostargjilan.com\/web\/wp-json\/wp\/v2\/tags?post=89958"}],"curies":[{"name":"wp","href":"https:\/\/api.w.org\/{rel}","templated":true}]}}