{"id":90321,"date":"2021-09-02T10:44:45","date_gmt":"2021-09-02T10:44:45","guid":{"rendered":"https:\/\/radiostargjilan.com\/web\/?p=90321"},"modified":"2021-09-02T10:44:45","modified_gmt":"2021-09-02T10:44:45","slug":"plaku-mashtron-keq-shoferet-qe-vozisin-shpejt-del-ne-rruge-me-thares-flokesh-si-radar","status":"publish","type":"post","link":"https:\/\/radiostargjilan.com\/web\/plaku-mashtron-keq-shoferet-qe-vozisin-shpejt-del-ne-rruge-me-thares-flokesh-si-radar\/","title":{"rendered":"Plaku mashtron keq shofer\u00ebt q\u00eb vozisin shpejt: Del n\u00eb rrug\u00eb me thar\u00ebs flok\u00ebsh si radar"},"content":{"rendered":"<p>N\u00eb Suedi, pik\u00ebrisht n\u00eb zon\u00ebn e Stora Mell\u00f6sa, pran\u00eb qytetit t\u00eb \u00d6rebro, nj\u00eb burr\u00eb vendosi ta korrigjoj\u00eb vet\u00eb.<\/p>\n<p>Emri i tij \u00ebsht\u00eb Ulf Schwerin, ai \u00ebsht\u00eb 74 vje\u00e7, dhe ai ka qen\u00eb prej koh\u00ebsh i lodhur nga shofer\u00ebt q\u00eb ngasin me shpejt\u00ebsi t\u00eb madhe n\u00eb rrug\u00eb. Ulf kujdeset shum\u00eb p\u00ebr Stora Mell\u00f6sa, pasi ajo ka jetuar atje p\u00ebr mbi 40 vjet, dhe kujdeset ve\u00e7an\u00ebrisht p\u00ebr zon\u00ebn p\u00ebrreth kish\u00ebs lokale. Sipas tij, sinjalistika e vendit nuk \u00ebsht\u00eb shum\u00eb efektive dhe nuk i tremb aspak shofer\u00ebt t\u00eb respektojn\u00eb kufirin prej 30 km \/ or\u00eb. K\u00ebshtu, pasi i kishte p\u00ebrcjell\u00eb disa raporte komun\u00ebs dhe autoriteteve pa marr\u00eb p\u00ebrgjigje, ai vendosi q\u00eb duhej t\u00eb b\u00ebnte di\u00e7ka.<\/p>\n<p>Ai u frym\u00ebzua nga nj\u00eb postim q\u00eb hasi rast\u00ebsisht n\u00eb rrjetet sociale. N\u00eb postimin n\u00eb fjal\u00eb, nj\u00eb grua, pasi vajza e saj u p\u00ebrplas, u maskua si polic i trafikut, duke drejtuar nj\u00eb thar\u00ebse flok\u00ebsh drejt shofer\u00ebve. K\u00ebshtu ai b\u00ebri t\u00eb nj\u00ebjt\u00ebn gj\u00eb: vuri nj\u00eb jelek t\u00eb verdh\u00eb, nj\u00eb kapel\u00eb dielli, mori thar\u00ebsen e flok\u00ebve t\u00eb gruas s\u00eb tij dhe doli n\u00eb rrug\u00eb.<\/p>\n<p>U pozicionua n\u00eb buz\u00eb t\u00eb rrug\u00ebs dhe filloi t\u00eb sh\u00ebnjestronte \u00e7do shofer q\u00eb kalonte me thar\u00ebse flok\u00ebsh. P\u00ebr rreth nj\u00eb or\u00eb e gjysm\u00eb ajo frik\u00ebsoi \u00e7do shofer, t\u00eb cil\u00ebt ngat\u00ebrruan Ulfin me nj\u00eb polic trafiku. Sipas tij, shum\u00eb kan\u00eb filluar t\u00eb ngadal\u00ebsojn\u00eb apo edhe t\u00eb frenojn\u00eb, n\u00eb m\u00ebnyr\u00eb q\u00eb t\u00eb mos marrin nj\u00eb gjob\u00eb.<\/p>\n<p>Me sa duket truku i tij ka funksionuar v\u00ebrtet, dhe shum\u00eb p\u00ebrdorues t\u00eb webit e kan\u00eb par\u00eb at\u00eb si nj\u00eb njeri me nj\u00eb sens t\u00eb fort\u00eb qytetar. Disa madje i kan\u00eb k\u00ebrkuar t\u00eb b\u00ebj\u00eb t\u00eb nj\u00ebjt\u00ebn gj\u00eb edhe n\u00eb zonat e tyre t\u00eb banimit. T\u00eb tjer\u00ebt, nga ana tjet\u00ebr, filluan t\u00eb pyesin n\u00ebse kjo zgjidhje ishte disi e paligjshme.<\/p>\n<p>Mikael Cederblad, drejtuesi i grupit t\u00eb departamentit t\u00eb policis\u00eb s\u00eb trafikut n\u00eb \u00d6rebro, nd\u00ebrhyri n\u00eb k\u00ebt\u00eb drejtim. Burri konfirmoi se e gjith\u00eb kjo ishte me t\u00eb v\u00ebrtet\u00eb e ligjshme, p\u00ebrderisa ai nuk i ndaloi v\u00ebrtet makinat dhe nuk u shfaq atje me nj\u00eb uniform\u00eb t\u00eb v\u00ebrtet\u00eb.<\/p>\n<p><a href=\"https:\/\/radiostargjilan.com\/web\/wp-content\/uploads\/2021\/09\/48A8538B-F041-41B2-9201-499B98258D94.jpeg\"><img loading=\"lazy\" loading=\"lazy\" decoding=\"async\" src=\"https:\/\/radiostargjilan.com\/web\/wp-content\/uploads\/2021\/09\/48A8538B-F041-41B2-9201-499B98258D94.jpeg\" alt=\"\" width=\"650\" height=\"340\" class=\"aligncenter size-full wp-image-90322\" srcset=\"https:\/\/radiostargjilan.com\/web\/wp-content\/uploads\/2021\/09\/48A8538B-F041-41B2-9201-499B98258D94.jpeg 650w, https:\/\/radiostargjilan.com\/web\/wp-content\/uploads\/2021\/09\/48A8538B-F041-41B2-9201-499B98258D94-300x157.jpeg 300w\" sizes=\"auto, (max-width: 650px) 100vw, 650px\" \/><\/a><\/p>\n<p><a href=\"https:\/\/radiostargjilan.com\/web\/wp-content\/uploads\/2021\/09\/AC31986B-CA22-4F0F-AB17-829657007CAB.jpeg\"><img loading=\"lazy\" loading=\"lazy\" decoding=\"async\" src=\"https:\/\/radiostargjilan.com\/web\/wp-content\/uploads\/2021\/09\/AC31986B-CA22-4F0F-AB17-829657007CAB.jpeg\" alt=\"\" width=\"1600\" height=\"686\" class=\"aligncenter size-full wp-image-90323\" srcset=\"https:\/\/radiostargjilan.com\/web\/wp-content\/uploads\/2021\/09\/AC31986B-CA22-4F0F-AB17-829657007CAB.jpeg 1600w, https:\/\/radiostargjilan.com\/web\/wp-content\/uploads\/2021\/09\/AC31986B-CA22-4F0F-AB17-829657007CAB-300x129.jpeg 300w, https:\/\/radiostargjilan.com\/web\/wp-content\/uploads\/2021\/09\/AC31986B-CA22-4F0F-AB17-829657007CAB-1024x439.jpeg 1024w, https:\/\/radiostargjilan.com\/web\/wp-content\/uploads\/2021\/09\/AC31986B-CA22-4F0F-AB17-829657007CAB-768x329.jpeg 768w, https:\/\/radiostargjilan.com\/web\/wp-content\/uploads\/2021\/09\/AC31986B-CA22-4F0F-AB17-829657007CAB-1536x659.jpeg 1536w\" sizes=\"auto, (max-width: 1600px) 100vw, 1600px\" \/><\/a><\/p>\n","protected":false},"excerpt":{"rendered":"<p>N\u00eb Suedi, pik\u00ebrisht n\u00eb zon\u00ebn e Stora Mell\u00f6sa, pran\u00eb qytetit t\u00eb \u00d6rebro, nj\u00eb burr\u00eb vendosi ta korrigjoj\u00eb vet\u00eb. Emri i tij \u00ebsht\u00eb Ulf Schwerin, ai \u00ebsht\u00eb 74 vje\u00e7, dhe ai ka qen\u00eb prej koh\u00ebsh i lodhur nga shofer\u00ebt q\u00eb ngasin me shpejt\u00ebsi t\u00eb madhe n\u00eb rrug\u00eb. Ulf kujdeset shum\u00eb p\u00ebr Stora Mell\u00f6sa, pasi ajo ka [&hellip;]<\/p>\n","protected":false},"author":1,"featured_media":90324,"comment_status":"closed","ping_status":"closed","sticky":false,"template":"","format":"standard","meta":{"footnotes":""},"categories":[9],"tags":[],"class_list":{"0":"post-90321","1":"post","2":"type-post","3":"status-publish","4":"format-standard","5":"has-post-thumbnail","7":"category-magazina"},"_links":{"self":[{"href":"https:\/\/radiostargjilan.com\/web\/wp-json\/wp\/v2\/posts\/90321","targetHints":{"allow":["GET"]}}],"collection":[{"href":"https:\/\/radiostargjilan.com\/web\/wp-json\/wp\/v2\/posts"}],"about":[{"href":"https:\/\/radiostargjilan.com\/web\/wp-json\/wp\/v2\/types\/post"}],"author":[{"embeddable":true,"href":"https:\/\/radiostargjilan.com\/web\/wp-json\/wp\/v2\/users\/1"}],"replies":[{"embeddable":true,"href":"https:\/\/radiostargjilan.com\/web\/wp-json\/wp\/v2\/comments?post=90321"}],"version-history":[{"count":0,"href":"https:\/\/radiostargjilan.com\/web\/wp-json\/wp\/v2\/posts\/90321\/revisions"}],"wp:featuredmedia":[{"embeddable":true,"href":"https:\/\/radiostargjilan.com\/web\/wp-json\/wp\/v2\/media\/90324"}],"wp:attachment":[{"href":"https:\/\/radiostargjilan.com\/web\/wp-json\/wp\/v2\/media?parent=90321"}],"wp:term":[{"taxonomy":"category","embeddable":true,"href":"https:\/\/radiostargjilan.com\/web\/wp-json\/wp\/v2\/categories?post=90321"},{"taxonomy":"post_tag","embeddable":true,"href":"https:\/\/radiostargjilan.com\/web\/wp-json\/wp\/v2\/tags?post=90321"}],"curies":[{"name":"wp","href":"https:\/\/api.w.org\/{rel}","templated":true}]}}