{"id":90516,"date":"2021-09-04T19:57:32","date_gmt":"2021-09-04T19:57:32","guid":{"rendered":"https:\/\/radiostargjilan.com\/web\/?p=90516"},"modified":"2021-09-04T19:57:32","modified_gmt":"2021-09-04T19:57:32","slug":"kandidatura-e-pavarur-qe-do-ti-bente-nder-gjilanit","status":"publish","type":"post","link":"https:\/\/radiostargjilan.com\/web\/kandidatura-e-pavarur-qe-do-ti-bente-nder-gjilanit\/","title":{"rendered":"Kandidatura e pavarur q\u00eb do t\u2019i b\u00ebnte nder Gjilanit"},"content":{"rendered":"<p>Shkruan: Gani NEZIRI<\/p>\n<p>Sakt\u00ebsisht, isha duke menduar se si t\u00eb reagoj qet\u00ebsisht e m\u00eb maturi politike lidhur me deklaratat publike t\u00eb kryetarit t\u00eb komun\u00ebs s\u00eb Gjilanit, se e paska hapur debatin publik lidhur me projektet e rigjenerimit urban, objektin e Administrat\u00ebs, selin\u00eb e KBI-s\u00eb e skulpturat monumentale dhe gjoja inkurajimin nga ana e tij e ekspert\u00ebve t\u00eb fushave q\u00eb t\u2019i japin sugjerimet, v\u00ebrejtjet e propozimet p\u00ebrkitazi me k\u00ebto projekte.<\/p>\n<p>Kjo, n\u00eb thelbin e saj p\u00ebrmban ndryshkjen politike gjilanase q\u00eb mjerisht duket se ende ka qytetar\u00eb t\u00eb urt\u00eb q\u00eb mund ta besojn\u00eb at\u00eb debat. Ose, ndoshta ve\u00e7 b\u00ebhen si t\u00eb till\u00eb kinse v\u00ebrtet\u00eb e besojn\u00eb. Ku ta dish?!<\/p>\n<p>Ajo \u00e7ka mund t\u00eb them n\u00eb k\u00ebt\u00eb rast \u00ebsht\u00eb se, do t\u00eb shpreh keqardhjen time t\u00eb dyfisht\u00eb, si n\u00eb vijim:<\/p>\n<p>Si nuk i vjen keq Kryetarit t\u00eb Komun\u00ebs t\u00eb manipuloj\u00eb me qytetar\u00ebt gjilanas q\u00eb i besojn\u00eb pa hile rreth nj\u00eb debati \u201cve\u00e7 sa p\u00ebr sy e faqe\u201d?!<\/p>\n<p>Kjo, n\u00eb prag t\u00eb zgjedhjeve?!<\/p>\n<p>Keqardhja e dyt\u00eb \u00ebsht\u00eb se:<\/p>\n<p>M\u00eb vjen keq nga shterp\u00ebsia mendore e atyre q\u00eb besojn\u00eb qe sa e sa vite n\u00eb politik\u00ebn e premtimeve t\u00eb pambajtura nga Kryetari i Komun\u00ebs!<\/p>\n<p>Si nuk ndjehen t\u00eb lodhur e t\u00eb mashtruar?<\/p>\n<p>P\u00ebrpiqem t\u2019i kuptoj pse i besuan her\u00ebn e par\u00eb e t\u00eb dyt\u00eb. K\u00ebrkonin ndryshim. \u00cbsht\u00eb shum\u00eb normale, por, t\u00eb vazhdosh t\u00eb besosh pafund\u00ebsisht, duke pritur n\u00eb kot\u00ebsi premtimet e vyshkura, k\u00ebt\u00eb nuk e kuptoj dot.<\/p>\n<p>Se nj\u00eb rreth i ngusht\u00eb i aktivist\u00ebve t\u00eb LDK-s\u00eb ka p\u00ebrfituar nga kjo politik\u00eb, nuk diskutohet, v\u00ebrtet\u00eb kan\u00eb p\u00ebrfituar.<\/p>\n<p>Por, ASGJ\u00cb nuk kan\u00eb p\u00ebrfituar rrethi i gjer\u00eb i aktivist\u00ebve t\u00eb LDK-s\u00eb q\u00eb jan\u00eb shkoqur duke vrapuar p\u00ebr partin\u00eb, e aq m\u00eb pak rrethi i gjer\u00eb i qytetar\u00ebve gjilanas.<\/p>\n<p>N\u00eb fakt, dim\u00eb ndonj\u00eb rast p\u00ebrfitimi nga an\u00ebtar\u00ebt e partive tjera q\u00eb \u00ebsht\u00eb p\u00ebrdor si mjeshtri e joshjes politike nga Kryetari p\u00ebr ndonj\u00eb vot\u00eb m\u00eb shum\u00eb, q\u00eb ngjash\u00ebm nuk do ta b\u00ebnte \u00e7do politikan\u00eb.<\/p>\n<p>Tani u b\u00ebn\u00eb tet\u00eb vite q\u00eb LDK dhe Kryetari i saj mjesht\u00ebrisht i bindin qytetar\u00ebt q\u00eb t\u00eb besojn\u00eb edhe m\u00eb tutje n\u00eb premtime t\u00eb rreme.<\/p>\n<p>Habitem njer\u00ebzish\u00ebm, se si nuk ndjehen keq t\u2019ua b\u00ebjn\u00eb k\u00ebt\u00eb mashtrim, madje, ve\u00e7se qytetar\u00ebve q\u00eb u besojn\u00eb kollaj.<\/p>\n<p>E, po aq habitem me qytetar\u00ebt gjilanas n\u00ebse v\u00ebrtet\u00eb vazhdojn\u00eb edhe m\u00eb tutje t\u2019i besojn\u00eb k\u00ebtij mashtrimi kur ata kan\u00eb alternativ\u00eb tjet\u00ebr!<\/p>\n<p>Kan\u00eb alternativ\u00eb edhe kandidat\u00eb t\u00eb pavarur q\u00eb mendojn\u00eb ve\u00e7se p\u00ebr Gjilanin dhe qytetar\u00ebt e tij dhe un\u00eb, Gani Neziri jam nj\u00ebri nd\u00ebr ta.<\/p>\n<p>V\u00ebni re; Kandidat\u00ebt p\u00ebr Kryetar t\u00eb Gjilanit q\u00eb vijn\u00eb nga radh\u00ebt e partive, LDK, VV, PDK e AAK, k\u00ebmb\u00ebt i kan\u00eb n\u00eb Gjilan nd\u00ebrsa kok\u00ebn dhe llogaridh\u00ebnien e kan\u00eb n\u00eb Llap, Drenic\u00eb e Dukagjin.<\/p>\n<p>Gjilanas t\u00eb nderuar, hiqni dor\u00eb sa m\u00eb shpejt q\u00eb \u00ebsht\u00eb e mundur nga shpresat e premtimeve t\u00eb rreme q\u00eb ofrojn\u00eb partit\u00eb politike.<\/p>\n<p>Besimi n\u00eb politika partiake \u00ebsht\u00eb humbje kohe. N\u00ebse nuk e keni par\u00eb m\u00eb her\u00ebt, nuk \u00ebsht\u00eb von\u00eb ta shihni sot.<\/p>\n<p>Qytetar\u00eb t\u00eb nderuar gjilanas, m\u00ebsohuni t\u00eb ndjeheni t\u00eb pavarur nga partit\u00eb politike!<\/p>\n<p>Qet\u00ebsisht mblidhni forc\u00ebn dhe logjik\u00ebn e arsyes dhe p\u00ebrcaktohuni lirisht p\u00ebr kandidat\u00eb t\u00eb pavarur, e si\u00e7 e dini, un\u00eb jam nj\u00ebri nd\u00ebr ta.<\/p>\n","protected":false},"excerpt":{"rendered":"<p>Shkruan: Gani NEZIRI Sakt\u00ebsisht, isha duke menduar se si t\u00eb reagoj qet\u00ebsisht e m\u00eb maturi politike lidhur me deklaratat publike t\u00eb kryetarit t\u00eb komun\u00ebs s\u00eb Gjilanit, se e paska hapur debatin publik lidhur me projektet e rigjenerimit urban, objektin e Administrat\u00ebs, selin\u00eb e KBI-s\u00eb e skulpturat monumentale dhe gjoja inkurajimin nga ana e tij e [&hellip;]<\/p>\n","protected":false},"author":1,"featured_media":90517,"comment_status":"closed","ping_status":"closed","sticky":false,"template":"","format":"standard","meta":{"footnotes":""},"categories":[6],"tags":[],"class_list":{"0":"post-90516","1":"post","2":"type-post","3":"status-publish","4":"format-standard","5":"has-post-thumbnail","7":"category-opinion"},"_links":{"self":[{"href":"https:\/\/radiostargjilan.com\/web\/wp-json\/wp\/v2\/posts\/90516","targetHints":{"allow":["GET"]}}],"collection":[{"href":"https:\/\/radiostargjilan.com\/web\/wp-json\/wp\/v2\/posts"}],"about":[{"href":"https:\/\/radiostargjilan.com\/web\/wp-json\/wp\/v2\/types\/post"}],"author":[{"embeddable":true,"href":"https:\/\/radiostargjilan.com\/web\/wp-json\/wp\/v2\/users\/1"}],"replies":[{"embeddable":true,"href":"https:\/\/radiostargjilan.com\/web\/wp-json\/wp\/v2\/comments?post=90516"}],"version-history":[{"count":0,"href":"https:\/\/radiostargjilan.com\/web\/wp-json\/wp\/v2\/posts\/90516\/revisions"}],"wp:featuredmedia":[{"embeddable":true,"href":"https:\/\/radiostargjilan.com\/web\/wp-json\/wp\/v2\/media\/90517"}],"wp:attachment":[{"href":"https:\/\/radiostargjilan.com\/web\/wp-json\/wp\/v2\/media?parent=90516"}],"wp:term":[{"taxonomy":"category","embeddable":true,"href":"https:\/\/radiostargjilan.com\/web\/wp-json\/wp\/v2\/categories?post=90516"},{"taxonomy":"post_tag","embeddable":true,"href":"https:\/\/radiostargjilan.com\/web\/wp-json\/wp\/v2\/tags?post=90516"}],"curies":[{"name":"wp","href":"https:\/\/api.w.org\/{rel}","templated":true}]}}